{"id":4959,"date":"2025-11-06T10:01:37","date_gmt":"2025-11-06T09:01:37","guid":{"rendered":"https:\/\/jeremias.fr\/fabricant-conduit-tubage\/?p=4959"},"modified":"2025-11-07T09:59:51","modified_gmt":"2025-11-07T08:59:51","slug":"world-ventil8-day-ventilation-autrement-vrai-faux-ekkoair","status":"publish","type":"post","link":"https:\/\/jeremias.fr\/fabricant-conduit-tubage\/la-revue\/vmc-ekkoair\/world-ventil8-day-ventilation-autrement-vrai-faux-ekkoair\/","title":{"rendered":"[World Ventil8 Day] La ventilation autrement : le vrai\/faux qui remet l&rsquo;air au bon endroit"},"content":{"rendered":"","protected":false},"excerpt":{"rendered":"<p>Le 8 novembre marque la Journ\u00e9e mondiale de la ventilation. On clarifie 6 affirmations trop entendues, pour penser la ventilation autrement.<\/p>\n","protected":false},"author":4,"featured_media":4972,"comment_status":"closed","ping_status":"closed","sticky":false,"template":"","format":"standard","meta":{"inline_featured_image":false},"categories":[16],"tags":[],"acf":{"temps_de_lecture":"05","introduction":"<p>Le 8 novembre marque la<strong> Journ\u00e9e mondiale de la ventilation (World Ventil8 Day)<\/strong>, un rendez-vous n\u00e9 pour rappeler que l\u2019air int\u00e9rieur est aussi essentiel que l\u2019air ext\u00e9rieur.<\/p>\n<p>La ventilation fait partie du quotidien, mais son int\u00e9r\u00eat reste encore sous-estim\u00e9. On clarifie pour vous 6 affirmations, pour <strong>penser la ventilation autrement.<\/strong><\/p>\n","blocs":[{"acf_fc_layout":"bloc_images","images":[{"image":{"ID":4972,"id":4972,"title":"Journ\u00e9e-mondiale-ventilation-VMC-Ekkoair-Jeremias","filename":"Journee-mondiale-ventilation-VMC-Ekkoair-Jeremias.jpg","filesize":107474,"url":"https:\/\/jeremias.fr\/fabricant-conduit-tubage\/app\/uploads\/2025\/11\/Journee-mondiale-ventilation-VMC-Ekkoair-Jeremias.jpg","link":"https:\/\/jeremias.fr\/fabricant-conduit-tubage\/la-revue\/vmc-ekkoair\/world-ventil8-day-ventilation-autrement-vrai-faux-ekkoair\/attachment\/journee-mondiale-ventilation-vmc-ekkoair-jeremias\/","alt":"Journ\u00e9e-mondiale-ventilation-VMC-Ekkoair-Jeremias","author":"4","description":"","caption":"","name":"journee-mondiale-ventilation-vmc-ekkoair-jeremias","status":"inherit","uploaded_to":4959,"date":"2025-11-06 08:39:47","modified":"2025-11-06 08:40:09","menu_order":0,"mime_type":"image\/jpeg","type":"image","subtype":"jpeg","icon":"https:\/\/jeremias.fr\/fabricant-conduit-tubage\/wp\/wp-includes\/images\/media\/default.png","width":542,"height":355,"sizes":{"thumbnail":"https:\/\/jeremias.fr\/fabricant-conduit-tubage\/app\/uploads\/2025\/11\/Journee-mondiale-ventilation-VMC-Ekkoair-Jeremias-542x355.jpg","thumbnail-width":542,"thumbnail-height":355,"medium":"https:\/\/jeremias.fr\/fabricant-conduit-tubage\/app\/uploads\/2025\/11\/Journee-mondiale-ventilation-VMC-Ekkoair-Jeremias-300x196.jpg","medium-width":300,"medium-height":196,"medium_large":"https:\/\/jeremias.fr\/fabricant-conduit-tubage\/app\/uploads\/2025\/11\/Journee-mondiale-ventilation-VMC-Ekkoair-Jeremias.jpg","medium_large-width":542,"medium_large-height":355,"large":"https:\/\/jeremias.fr\/fabricant-conduit-tubage\/app\/uploads\/2025\/11\/Journee-mondiale-ventilation-VMC-Ekkoair-Jeremias.jpg","large-width":542,"large-height":355,"1536x1536":"https:\/\/jeremias.fr\/fabricant-conduit-tubage\/app\/uploads\/2025\/11\/Journee-mondiale-ventilation-VMC-Ekkoair-Jeremias.jpg","1536x1536-width":542,"1536x1536-height":355,"2048x2048":"https:\/\/jeremias.fr\/fabricant-conduit-tubage\/app\/uploads\/2025\/11\/Journee-mondiale-ventilation-VMC-Ekkoair-Jeremias.jpg","2048x2048-width":542,"2048x2048-height":355,"post-thumbnail":"https:\/\/jeremias.fr\/fabricant-conduit-tubage\/app\/uploads\/2025\/11\/Journee-mondiale-ventilation-VMC-Ekkoair-Jeremias-542x355.jpg","post-thumbnail-width":542,"post-thumbnail-height":355,"slider":"https:\/\/jeremias.fr\/fabricant-conduit-tubage\/app\/uploads\/2025\/11\/Journee-mondiale-ventilation-VMC-Ekkoair-Jeremias.jpg","slider-width":542,"slider-height":355,"timeline":"https:\/\/jeremias.fr\/fabricant-conduit-tubage\/app\/uploads\/2025\/11\/Journee-mondiale-ventilation-VMC-Ekkoair-Jeremias-399x257.jpg","timeline-width":399,"timeline-height":257}}}]},{"acf_fc_layout":"contenu_texte","texte":"<h2><span data-teams=\"true\">Constats sur le march\u00e9 de la ventilation<\/span><\/h2>\n<p>&nbsp;<\/p>\n<p>La ventilation fait partie du quotidien, mais elle reste souvent sous-estim\u00e9e, rel\u00e9gu\u00e9e derri\u00e8re le <strong>chauffage<\/strong> ou la <strong>climatisation<\/strong>. D\u2019ailleurs, ceux qui l\u2019utilisent le plus n\u2019ont pas conscience de ses bienfaits pour le <strong>b\u00e2timent<\/strong> et la <strong>sant\u00e9<\/strong>.<\/p>\n<p>Et m\u00eame chez les professionnels, certains<strong> pr\u00e9jug\u00e9s techniques<\/strong> ou <strong>habitudes de terrain<\/strong> continuent d\u2019influencer les pratiques.<\/p>\n<p>&nbsp;<\/p>\n<h3>Alors aujourd\u2019hui, on fait le point sur <strong>6 affirmations qu\u2019on entend r\u00e9guli\u00e8rement<\/strong>.<\/h3>\n<h3>Vrai ou faux ? Dans tous les cas, l\u2019objectif est de penser la ventilation autrement : plus performante, plus durable, plus intelligente.<\/h3>\n<p>&nbsp;<\/p>\n<p>&nbsp;<\/p>\n"},{"acf_fc_layout":"contenu_texte","texte":"<ol>\n<li>\n<h2><strong>1 &#8211; \u201cOuvrir une fen\u00eatre, c\u2019est suffisant.\u201d<\/strong><\/h2>\n<\/li>\n<\/ol>\n<p>&nbsp;<\/p>\n<p><strong><span dir=\"auto\" style=\"vertical-align: inherit;\"><span dir=\"auto\" style=\"vertical-align: inherit;\"><img loading=\"lazy\" class=\"wp-image-4976 alignleft\" src=\"https:\/\/jeremias.fr\/fabricant-conduit-tubage\/app\/uploads\/2025\/11\/Journee-mondiale-ventilation-naturelle-VMC-Ekkoair-Jeremias.jpg\" alt=\"\" width=\"344\" height=\"225\" srcset=\"https:\/\/jeremias.fr\/fabricant-conduit-tubage\/app\/uploads\/2025\/11\/Journee-mondiale-ventilation-naturelle-VMC-Ekkoair-Jeremias.jpg 542w, https:\/\/jeremias.fr\/fabricant-conduit-tubage\/app\/uploads\/2025\/11\/Journee-mondiale-ventilation-naturelle-VMC-Ekkoair-Jeremias-300x196.jpg 300w\" sizes=\"(max-width: 344px) 100vw, 344px\" \/>FAUX<\/span><\/span><\/strong><\/p>\n<p>&nbsp;<\/p>\n<p>C\u2019est une id\u00e9e qu\u2019on entend encore souvent dans les b\u00e2timents tertiaires, ou m\u00eame en r\u00e9sidentiel.<\/p>\n<p>&nbsp;<\/p>\n<p>Mais la <strong>ventilation naturelle<\/strong>, m\u00eame bien pens\u00e9e, ne garantit pas un renouvellement d\u2019air ma\u00eetris\u00e9. Les variations de vent, de temp\u00e9rature ou de pression font que le d\u00e9bit d\u2019air est irr\u00e9gulier, parfois inexistant.<br \/>\n<strong>R\u00e9sultat<\/strong> : accumulation de CO\u2082, d\u2019humidit\u00e9, de COV, et inconfort thermique.<\/p>\n<p>&nbsp;<\/p>\n<p>&nbsp;<\/p>\n<p>&nbsp;<\/p>\n<p>&nbsp;<\/p>\n<p>La <strong>ventilation m\u00e9canique contr\u00f4l\u00e9e<\/strong> (VMC) ou les syst\u00e8mes de ventilation hybrides permettent, eux,<\/p>\n<ul>\n<li>un <strong>renouvellement d&rsquo;air<\/strong> constant,<\/li>\n<li>un meilleur <strong>contr\u00f4le du flux<\/strong>,<\/li>\n<li>une <strong>qualit\u00e9 d\u2019air int\u00e9rieur<\/strong> stable toute l\u2019ann\u00e9e.<\/li>\n<\/ul>\n<p>&nbsp;<\/p>\n<p><em><strong><mark>Point r\u00e9glementation<\/mark><\/strong>: l\u2019arr\u00eat\u00e9 du 22 octobre 1969 impose (sur le logement neuf) que la ventilation doit \u00eatre g\u00e9n\u00e9rale et permanente, int\u00e9grant la p\u00e9riode ou les fen\u00eatres doivent rester fermer.<\/em><\/p>\n<p>&nbsp;<\/p>\n<h3>Ouvrir une fen\u00eatre aide ponctuellement. Ventiler m\u00e9caniquement, c\u2019est assurer une qualit\u00e9 d\u2019air en continu.<\/h3>\n"},{"acf_fc_layout":"contenu_texte","texte":"<h2>2.\u201cLe conduit de fum\u00e9e suffit pour ventiler.\u201d<\/h2>\n<p>&nbsp;<\/p>\n<p><strong><span dir=\"auto\" style=\"vertical-align: inherit;\">FAUX<\/span><\/strong><\/p>\n<p>&nbsp;<\/p>\n<p>Cette confusion est fr\u00e9quente, en particulier dans les logements anciens \u00e9quip\u00e9s de po\u00eales ou de chemin\u00e9es. Un conduit de fum\u00e9e a une seule fonction : <strong>\u00e9vacuer les gaz de combustion<\/strong> d\u2019un appareil de chauffage (bois, gaz, granul\u00e9s, etc.).<br \/>\nIl n\u2019est pas con\u00e7u pour assurer le renouvellement d\u2019air du logement ni pour extraire l\u2019humidit\u00e9 ou les polluants int\u00e9rieurs.<\/p>\n<p>&nbsp;<\/p>\n<p>Sans syst\u00e8me de ventilation d\u00e9di\u00e9 :<\/p>\n<ul>\n<li>l\u2019air int\u00e9rieur se charge en CO\u2082 et COV, l\u2019humidit\u00e9 stagne, favorisant moisissures et d\u00e9gradations du b\u00e2ti,<\/li>\n<li>l\u2019appareil de chauffage peut manquer d\u2019air comburant, cr\u00e9ant un risque de refoulement ou d\u2019intoxication au monoxyde de carbone.<\/li>\n<\/ul>\n<p><strong><span dir=\"auto\" style=\"vertical-align: inherit;\"><img loading=\"lazy\" class=\" wp-image-4974 alignright\" src=\"https:\/\/jeremias.fr\/fabricant-conduit-tubage\/app\/uploads\/2025\/11\/Journee-mondiale-ventilation-controlee-VMC-Ekkoair-Jeremias.jpg\" alt=\"Journ\u00e9e-mondiale-ventilation-controlee-VMC-Ekkoair-Jeremias\" width=\"469\" height=\"307\" srcset=\"https:\/\/jeremias.fr\/fabricant-conduit-tubage\/app\/uploads\/2025\/11\/Journee-mondiale-ventilation-controlee-VMC-Ekkoair-Jeremias.jpg 542w, https:\/\/jeremias.fr\/fabricant-conduit-tubage\/app\/uploads\/2025\/11\/Journee-mondiale-ventilation-controlee-VMC-Ekkoair-Jeremias-300x196.jpg 300w\" sizes=\"(max-width: 469px) 100vw, 469px\" \/><\/span><\/strong><\/p>\n<p><strong><span dir=\"auto\" style=\"vertical-align: inherit;\">\u00a0<\/span><\/strong><\/p>\n<p>&nbsp;<\/p>\n<p>La <strong>ventilation m\u00e9canique<\/strong> (VMC simple flux hygror\u00e9glable, double flux&#8230;) assure, elle :<\/p>\n<ul>\n<li>un renouvellement d\u2019air contr\u00f4l\u00e9 et permanent,<\/li>\n<\/ul>\n<ul>\n<li>un balayage efficace des pi\u00e8ces de service,<\/li>\n<li>un apport d\u2019air neuf indispensable au bon fonctionnement des appareils \u00e0 combustion.<\/li>\n<\/ul>\n<p>&nbsp;<\/p>\n<p>&nbsp;<\/p>\n<p>&nbsp;<\/p>\n<p>&nbsp;<\/p>\n<p>&nbsp;<\/p>\n<p><em><strong><mark>Point r\u00e9glementation <\/mark><\/strong>: l\u2019arr\u00eat\u00e9 du 22 octobre 1969 s\u00e9parer la r\u00e9glementation des conduits de fum\u00e9e de la ventilation (\u00e0 l\u2019\u00e9poque, on parle encore d\u2019a\u00e9ration).<\/em><\/p>\n<p>&nbsp;<\/p>\n<h3>Un conduit de fum\u00e9e \u00e9vacue les fum\u00e9es. Une ventilation m\u00e9canique \u00e9vacue les polluants. Les deux sont compl\u00e9mentaires, mais jamais interchangeables.<\/h3>\n"},{"acf_fc_layout":"contenu_texte","texte":"<h2>3. \u201cLa ventilation, \u00e7a consomme trop d\u2019\u00e9nergie.\u201d<\/h2>\n<p>&nbsp;<\/p>\n<p><strong>FAUX, SI LE SYST\u00c8ME EST BIEN CON\u00c7U<\/strong><\/p>\n<p>&nbsp;<\/p>\n<p>Le probl\u00e8me ne vient pas du <strong>principe de ventilation<\/strong>, mais de l\u2019\u00e9quilibrage des <strong>d\u00e9bits<\/strong>, du <strong>dimensionnement<\/strong> des r\u00e9seaux, leur <strong>entretien<\/strong> et du choix des <strong>composants<\/strong>.<\/p>\n<p>Un ventilateur surdimensionn\u00e9, des pertes de charge excessives, des conduits mal dimensionn\u00e9s ou mal entretenus peuvent effectivement <strong>faire grimper la consommation \u00e9nerg\u00e9tique.<\/strong><\/p>\n<p>&nbsp;<\/p>\n<p>Mais les progr\u00e8s techniques (moteurs EC, r\u00e9gulation par CO\u2082, \u00e9changeurs haute efficacit\u00e9) permettent aujourd\u2019hui :<\/p>\n<ul>\n<li>des syst\u00e8mes 20 \u00e0 40 % plus <strong>efficaces<\/strong>,<\/li>\n<li>un retour d\u2019air <strong>temp\u00e9r\u00e9<\/strong>,<\/li>\n<li>une <strong>r\u00e9cup\u00e9ration<\/strong> de chaleur,<\/li>\n<li>une r\u00e9duction globale de la<strong> consommation \u00e9nerg\u00e9tique<\/strong> du b\u00e2timent.<\/li>\n<\/ul>\n<p>&nbsp;<\/p>\n<h3>Une ventilation performante n\u2019est pas un poste de d\u00e9pense, c\u2019est un levier d\u2019efficacit\u00e9 \u00e9nerg\u00e9tique.<\/h3>\n"},{"acf_fc_layout":"contenu_texte","texte":"<h2>4. \u201cTous les conduits se valent.\u201d<\/h2>\n<p>&nbsp;<\/p>\n<p><strong><img loading=\"lazy\" class=\"alignleft wp-image-4973\" src=\"https:\/\/jeremias.fr\/fabricant-conduit-tubage\/app\/uploads\/2025\/11\/Journee-mondiale-ventilation-conduits-VMC-Ekkoair-Jeremias.jpg\" alt=\"Journ\u00e9e-mondiale-ventilation-conduits-VMC-Ekkoair-Jeremias\" width=\"344\" height=\"225\" srcset=\"https:\/\/jeremias.fr\/fabricant-conduit-tubage\/app\/uploads\/2025\/11\/Journee-mondiale-ventilation-conduits-VMC-Ekkoair-Jeremias.jpg 542w, https:\/\/jeremias.fr\/fabricant-conduit-tubage\/app\/uploads\/2025\/11\/Journee-mondiale-ventilation-conduits-VMC-Ekkoair-Jeremias-300x196.jpg 300w\" sizes=\"(max-width: 344px) 100vw, 344px\" \/>VRAI ET FAUX<\/strong><\/p>\n<p>&nbsp;<\/p>\n<p>Tous les types de conduits peuvent \u00eatre utilis\u00e9s, \u00e0 conditions qu\u2019ils respectent les environnements (corrosifs, isol\u00e9s\u2026).<\/p>\n<p>Le conduit est souvent per\u00e7u comme un simple \u201cpassage d\u2019air\u201d, mais c\u2019est un <strong>organe technique<\/strong> \u00e0 part enti\u00e8re.<\/p>\n<p>&nbsp;<\/p>\n<p>&nbsp;<\/p>\n<p>&nbsp;<\/p>\n<p>&nbsp;<\/p>\n<p>&nbsp;<\/p>\n<p>&nbsp;<\/p>\n<p>Les diff\u00e9rences entre mat\u00e9riaux, \u00e9paisseurs, jonctions, traitements de surface ou accessoires peuvent impacter :<\/p>\n<ul>\n<li>les <strong>pertes<\/strong> de charge,<\/li>\n<li>le niveau <strong>d\u2019\u00e9tanch\u00e9it\u00e9<\/strong> du r\u00e9seau,<\/li>\n<li>la <strong>r\u00e9sistance<\/strong> \u00e0 la corrosion ou \u00e0 la condensation,<\/li>\n<li>les<strong> conditions sanitaires<\/strong> du logement,<\/li>\n<li>la <strong>durabilit\u00e9<\/strong> globale du syst\u00e8me.<\/li>\n<\/ul>\n<p>&nbsp;<\/p>\n<p>Dans le tertiaire et l\u2019industrie, un <strong>conduit de qualit\u00e9 moyenne<\/strong> peut co\u00fbter cher \u00e0 long terme : joints qui se d\u00e9t\u00e9riorent, corrosion en zones humides, maintenance complexe ou co\u00fbteuse.<br \/>\nDans l\u2019habitat, le choix d&rsquo;un <strong>conduit PEHD<\/strong> (couramment, semi-rigide plastique) reste le plus recommand\u00e9 et qualitatif. \u00c0 noter, que celui-ci a un entretien conseill\u00e9 tous les 8 ans contre tous les 3 ans pour un conduit flexible.<\/p>\n<p>&nbsp;<\/p>\n<h3>Choisir le bon conduit, c\u2019est investir dans la performance, la fiabilit\u00e9 du r\u00e9seau de ventilation et la durabilit\u00e9 du r\u00e9seaux.<\/h3>\n"},{"acf_fc_layout":"contenu_texte","texte":"<h2>5. \u201cLa maintenance, c\u2019est secondaire.\u201d<\/h2>\n<p>&nbsp;<\/p>\n<p><strong>FAUX<\/strong><\/p>\n<p>&nbsp;<\/p>\n<p>On a tous vu des r\u00e9seaux poussi\u00e9reux, encrass\u00e9s, parfois m\u00eame obstru\u00e9s.<br \/>\nEt pourtant, le maintien de la performance d\u2019un r\u00e9seau de ventilation passe par une <strong>maintenance r\u00e9guli\u00e8re.<\/strong><\/p>\n<p>Les cons\u00e9quences d\u2019un <strong>entretien insuffisant<\/strong> sont multiples :<\/p>\n<ul>\n<li>perte de d\u00e9bit,<\/li>\n<li>d\u00e9s\u00e9quilibre des pressions,<\/li>\n<li>surconsommation \u00e9lectrique,<\/li>\n<li>risques microbiologiques (moisissures, bact\u00e9ries).Une maintenance planifi\u00e9e, des <strong>acc\u00e8s facilit\u00e9s<\/strong> et des conduits modulaires <strong>d\u00e9montables <\/strong>sont essentiels.<\/li>\n<\/ul>\n<p>&nbsp;<\/p>\n<h3>Un r\u00e9seau bien con\u00e7u, c\u2019est un r\u00e9seau qu\u2019on peut entretenir facilement.<\/h3>\n"},{"acf_fc_layout":"contenu_texte","texte":"<h2>6. \u201cUne extraction suffit \u00e0 bien ventiler.\u201d<\/h2>\n<p>&nbsp;<\/p>\n<p><strong><img loading=\"lazy\" class=\"alignright wp-image-4975\" src=\"https:\/\/jeremias.fr\/fabricant-conduit-tubage\/app\/uploads\/2025\/11\/Journee-mondiale-ventilation-extraction-VMC-Ekkoair-Jeremias.jpg\" alt=\"Journ\u00e9e-mondiale-ventilation-extraction-VMC-Ekkoair-Jeremias\" width=\"430\" height=\"282\" srcset=\"https:\/\/jeremias.fr\/fabricant-conduit-tubage\/app\/uploads\/2025\/11\/Journee-mondiale-ventilation-extraction-VMC-Ekkoair-Jeremias.jpg 542w, https:\/\/jeremias.fr\/fabricant-conduit-tubage\/app\/uploads\/2025\/11\/Journee-mondiale-ventilation-extraction-VMC-Ekkoair-Jeremias-300x196.jpg 300w\" sizes=\"(max-width: 430px) 100vw, 430px\" \/>VRAI<\/strong><\/p>\n<p>&nbsp;<\/p>\n<p>Extraire l\u2019air vici\u00e9 en ma\u00eetrisant l\u2019entr\u00e9e d\u2019air neuf cr\u00e9e un flux d\u2019air qui garantit une bonne<strong> qualit\u00e9 d\u2019air int\u00e9rieur<\/strong>.<\/p>\n<p>&nbsp;<\/p>\n<p>Une ventilation performante repose sur un couple indissociable :<br \/>\n1. <strong>Extraction ma\u00eetris\u00e9e<\/strong> (cuisine, salle de bains, WC, buanderie)<br \/>\n2. <strong>Entr\u00e9es d\u2019air adapt\u00e9es<\/strong> (pi\u00e8ces de vie, chambres, s\u00e9jours)<\/p>\n<p>C\u2019est ce principe qui permet :<\/p>\n<ul>\n<li>un <strong>balayage de l\u2019air<\/strong> du \u201cpropre\u201d vers le \u201cpollu\u00e9\u201d,<\/li>\n<li>un <strong>renouvellement<\/strong> continu et dimensionn\u00e9,<\/li>\n<li>une <strong>gestion \u00e9nerg\u00e9tique optimale<\/strong> (d\u00e9bits constants, hygror\u00e9glables, \u00e9changeurs\u2026).<\/li>\n<\/ul>\n<p>&nbsp;<\/p>\n<p><em><strong><mark>Point r\u00e9glementation <\/mark><\/strong>: l\u2019arr\u00eat\u00e9 du 22 octobre 1969 impose (sur le logement neuf) que la ventilation doit circul\u00e9e des pi\u00e8ces principales (chambres, s\u00e9jour, salon\u2026) jusqu\u2019aux pi\u00e8ces de service (cuisine, salle de bain, toilettes\u2026).<\/em><\/p>\n<p>&nbsp;<\/p>\n<h3>Ventiler m\u00e9caniquement, c\u2019est organiser un flux d\u2019air continu, orient\u00e9 et contr\u00f4l\u00e9.<\/h3>\n"},{"acf_fc_layout":"contenu_texte","texte":"<h2>Penser la ventilation autrement<\/h2>\n<p>&nbsp;<\/p>\n<p>La ventilation n\u2019est plus un \u201cposte annexe\u201d.<br \/>\nC\u2019est une composante essentielle de la <strong>performance \u00e9nerg\u00e9tique<\/strong>, du <strong>confort<\/strong> et de la <strong>sant\u00e9 des b\u00e2timents<\/strong>.<\/p>\n<p>&nbsp;<\/p>\n<h3>Chez Jeremias, nous partageons cette conviction :<\/h3>\n<h3>La ventilation doit \u00eatre pens\u00e9e globalement, du dimensionnement \u00e0 la maintenance, avec des produits fiables, performants et adapt\u00e9s \u00e0 chaque projet.<\/h3>\n<h3><\/h3>\n<h3>C\u2019est notre fa\u00e7on \u00e0 nous de penser la ventilation autrement, avec rigueur technique, vision durable et respect des installateurs qui font respirer les b\u00e2timents chaque jour.<\/h3>\n<p>&nbsp;<\/p>\n<h3><a class=\"button button-solid blue text-uppercase fz-14 text-white\" href=\"https:\/\/jeremias.fr\/nous-contacter\">Contactez notre \u00e9quipe d\u2019expert<\/a><\/h3>\n"}],"push_articles":[{"ID":4878,"post_author":"3","post_date":"2025-10-14 16:17:10","post_date_gmt":"2025-10-14 14:17:10","post_content":"","post_title":"[VMC Ekkoair] Qualit\u00e9 de l\u2019air int\u00e9rieur dans une maison individuelle : un enjeu de sant\u00e9, de confort et de performance durable","post_excerpt":"D\u00e9couvrez pourquoi il est important d'installer un syst\u00e8me de ventilation pour obtenir une qualit\u00e9 d'air saine \u00e0 l'int\u00e9rieur de notre logement.","post_status":"publish","comment_status":"closed","ping_status":"closed","post_password":"","post_name":"qualite-air-interieur-vmc-simple-double-flux-ekkoair","to_ping":"","pinged":"","post_modified":"2025-11-06 14:19:02","post_modified_gmt":"2025-11-06 13:19:02","post_content_filtered":"","post_parent":0,"guid":"https:\/\/jeremias.fr\/fabricant-conduit-tubage\/?p=4878","menu_order":0,"post_type":"post","post_mime_type":"","comment_count":"0","filter":"raw"},{"ID":4879,"post_author":"3","post_date":"2025-10-14 16:16:53","post_date_gmt":"2025-10-14 14:16:53","post_content":"","post_title":"Nos syst\u00e8mes de VMC pour la maison individuelle : performance, simplicit\u00e9 et confort","post_excerpt":"Des kits complets et des outils digitaux performants pour accompagner chaque projet en garantissant une exp\u00e9rience optimale.","post_status":"publish","comment_status":"closed","ping_status":"closed","post_password":"","post_name":"systeme-vmc-simple-double-flux-maison-individuelle-ekkoair","to_ping":"","pinged":"","post_modified":"2025-12-04 17:29:50","post_modified_gmt":"2025-12-04 16:29:50","post_content_filtered":"","post_parent":0,"guid":"https:\/\/jeremias.fr\/fabricant-conduit-tubage\/?p=4879","menu_order":0,"post_type":"post","post_mime_type":"","comment_count":"0","filter":"raw"},{"ID":2387,"post_author":"4","post_date":"2023-07-03 08:38:01","post_date_gmt":"2023-07-03 06:38:01","post_content":"","post_title":"Jeremias s\u2019engage : l'inclusion en entreprise","post_excerpt":"","post_status":"publish","comment_status":"closed","ping_status":"closed","post_password":"","post_name":"jeremias-sengage-inclusion-entreprise","to_ping":"","pinged":"","post_modified":"2023-07-03 16:54:54","post_modified_gmt":"2023-07-03 14:54:54","post_content_filtered":"","post_parent":0,"guid":"https:\/\/jeremias.fr\/fabricant-conduit-tubage\/?p=2387","menu_order":0,"post_type":"post","post_mime_type":"","comment_count":"0","filter":"raw"}],"cta":"Lire plus","utiliser_layout_presta":true,"produits_suggeres":[]},"yoast_head":"<!-- This site is optimized with the Yoast SEO plugin v19.2 - https:\/\/yoast.com\/wordpress\/plugins\/seo\/ -->\n<title>[World Ventil8 Day] La ventilation autrement - Jeremias Conduits de fum\u00e9e<\/title>\n<meta name=\"description\" content=\"Le 8 novembre marque la Journ\u00e9e mondiale de la ventilation. On clarifie 6 affirmations trop entendues, pour penser la ventilation autrement.\" \/>\n<meta name=\"robots\" content=\"index, follow, max-snippet:-1, max-image-preview:large, max-video-preview:-1\" \/>\n<link rel=\"canonical\" href=\"https:\/\/jeremias.fr\/fabricant-conduit-tubage\/la-revue\/vmc-ekkoair\/world-ventil8-day-ventilation-autrement-vrai-faux-ekkoair\/\" \/>\n<meta property=\"og:locale\" content=\"fr_FR\" \/>\n<meta property=\"og:type\" content=\"article\" \/>\n<meta property=\"og:title\" content=\"[World Ventil8 Day] La ventilation autrement : le vrai\/faux qui remet l&#039;air au bon endroit\" \/>\n<meta property=\"og:description\" content=\"Le 8 novembre marque la Journ\u00e9e mondiale de la ventilation. On clarifie 6 affirmations trop entendues, pour penser la ventilation autrement.\" \/>\n<meta property=\"og:url\" content=\"https:\/\/jeremias.fr\/fabricant-conduit-tubage\/la-revue\/vmc-ekkoair\/world-ventil8-day-ventilation-autrement-vrai-faux-ekkoair\/\" \/>\n<meta property=\"og:site_name\" content=\"Jeremias\" \/>\n<meta property=\"article:published_time\" content=\"2025-11-06T09:01:37+00:00\" \/>\n<meta property=\"article:modified_time\" content=\"2025-11-07T08:59:51+00:00\" \/>\n<meta property=\"og:image\" content=\"https:\/\/jeremias.fr\/fabricant-conduit-tubage\/app\/uploads\/2025\/11\/Journee-mondiale-ventilation-VMC-Ekkoair-Jeremias.jpg\" \/>\n\t<meta property=\"og:image:width\" content=\"542\" \/>\n\t<meta property=\"og:image:height\" content=\"355\" \/>\n\t<meta property=\"og:image:type\" content=\"image\/jpeg\" \/>\n<meta name=\"author\" content=\"Eva Aristhene\" \/>\n<meta name=\"twitter:card\" content=\"summary_large_image\" \/>\n<script type=\"application\/ld+json\" class=\"yoast-schema-graph\">{\"@context\":\"https:\/\/schema.org\",\"@graph\":[{\"@type\":\"WebSite\",\"@id\":\"https:\/\/jeremias.fr\/fabricant-conduit-tubage\/#website\",\"url\":\"https:\/\/jeremias.fr\/fabricant-conduit-tubage\/\",\"name\":\"Jeremias\",\"description\":\"Conduits de fum\u00e9e\",\"potentialAction\":[{\"@type\":\"SearchAction\",\"target\":{\"@type\":\"EntryPoint\",\"urlTemplate\":\"https:\/\/jeremias.fr\/fabricant-conduit-tubage\/?s={search_term_string}\"},\"query-input\":\"required name=search_term_string\"}],\"inLanguage\":\"fr-FR\"},{\"@type\":\"ImageObject\",\"inLanguage\":\"fr-FR\",\"@id\":\"https:\/\/jeremias.fr\/fabricant-conduit-tubage\/la-revue\/vmc-ekkoair\/world-ventil8-day-ventilation-autrement-vrai-faux-ekkoair\/#primaryimage\",\"url\":\"https:\/\/jeremias.fr\/fabricant-conduit-tubage\/app\/uploads\/2025\/11\/Journee-mondiale-ventilation-VMC-Ekkoair-Jeremias.jpg\",\"contentUrl\":\"https:\/\/jeremias.fr\/fabricant-conduit-tubage\/app\/uploads\/2025\/11\/Journee-mondiale-ventilation-VMC-Ekkoair-Jeremias.jpg\",\"width\":542,\"height\":355,\"caption\":\"Journ\u00e9e-mondiale-ventilation-VMC-Ekkoair-Jeremias\"},{\"@type\":\"WebPage\",\"@id\":\"https:\/\/jeremias.fr\/fabricant-conduit-tubage\/la-revue\/vmc-ekkoair\/world-ventil8-day-ventilation-autrement-vrai-faux-ekkoair\/#webpage\",\"url\":\"https:\/\/jeremias.fr\/fabricant-conduit-tubage\/la-revue\/vmc-ekkoair\/world-ventil8-day-ventilation-autrement-vrai-faux-ekkoair\/\",\"name\":\"[World Ventil8 Day] La ventilation autrement - Jeremias Conduits de fum\u00e9e\",\"isPartOf\":{\"@id\":\"https:\/\/jeremias.fr\/fabricant-conduit-tubage\/#website\"},\"primaryImageOfPage\":{\"@id\":\"https:\/\/jeremias.fr\/fabricant-conduit-tubage\/la-revue\/vmc-ekkoair\/world-ventil8-day-ventilation-autrement-vrai-faux-ekkoair\/#primaryimage\"},\"datePublished\":\"2025-11-06T09:01:37+00:00\",\"dateModified\":\"2025-11-07T08:59:51+00:00\",\"author\":{\"@id\":\"https:\/\/jeremias.fr\/fabricant-conduit-tubage\/#\/schema\/person\/2518c1fa4589388d2bab7ed32a876fbc\"},\"description\":\"Le 8 novembre marque la Journ\u00e9e mondiale de la ventilation. On clarifie 6 affirmations trop entendues, pour penser la ventilation autrement.\",\"breadcrumb\":{\"@id\":\"https:\/\/jeremias.fr\/fabricant-conduit-tubage\/la-revue\/vmc-ekkoair\/world-ventil8-day-ventilation-autrement-vrai-faux-ekkoair\/#breadcrumb\"},\"inLanguage\":\"fr-FR\",\"potentialAction\":[{\"@type\":\"ReadAction\",\"target\":[\"https:\/\/jeremias.fr\/fabricant-conduit-tubage\/la-revue\/vmc-ekkoair\/world-ventil8-day-ventilation-autrement-vrai-faux-ekkoair\/\"]}]},{\"@type\":\"BreadcrumbList\",\"@id\":\"https:\/\/jeremias.fr\/fabricant-conduit-tubage\/la-revue\/vmc-ekkoair\/world-ventil8-day-ventilation-autrement-vrai-faux-ekkoair\/#breadcrumb\",\"itemListElement\":[{\"@type\":\"ListItem\",\"position\":1,\"name\":\"Home\",\"item\":\"https:\/\/jeremias.fr\/fabricant-conduit-tubage\/\"},{\"@type\":\"ListItem\",\"position\":2,\"name\":\"[World Ventil8 Day] La ventilation autrement : le vrai\/faux qui remet l&rsquo;air au bon endroit\"}]},{\"@type\":\"Person\",\"@id\":\"https:\/\/jeremias.fr\/fabricant-conduit-tubage\/#\/schema\/person\/2518c1fa4589388d2bab7ed32a876fbc\",\"name\":\"Eva Aristhene\",\"image\":{\"@type\":\"ImageObject\",\"inLanguage\":\"fr-FR\",\"@id\":\"https:\/\/jeremias.fr\/fabricant-conduit-tubage\/#\/schema\/person\/image\/\",\"url\":\"https:\/\/secure.gravatar.com\/avatar\/e343496645205962ea96d224272593c0?s=96&d=mm&r=g\",\"contentUrl\":\"https:\/\/secure.gravatar.com\/avatar\/e343496645205962ea96d224272593c0?s=96&d=mm&r=g\",\"caption\":\"Eva Aristhene\"},\"url\":\"https:\/\/jeremias.fr\/fabricant-conduit-tubage\/la-revue\/author\/eva-aristhenejeremias-france-fr\/\"}]}<\/script>\n<!-- \/ Yoast SEO plugin. -->","yoast_head_json":{"title":"[World Ventil8 Day] La ventilation autrement - Jeremias Conduits de fum\u00e9e","description":"Le 8 novembre marque la Journ\u00e9e mondiale de la ventilation. On clarifie 6 affirmations trop entendues, pour penser la ventilation autrement.","robots":{"index":"index","follow":"follow","max-snippet":"max-snippet:-1","max-image-preview":"max-image-preview:large","max-video-preview":"max-video-preview:-1"},"canonical":"https:\/\/jeremias.fr\/fabricant-conduit-tubage\/la-revue\/vmc-ekkoair\/world-ventil8-day-ventilation-autrement-vrai-faux-ekkoair\/","og_locale":"fr_FR","og_type":"article","og_title":"[World Ventil8 Day] La ventilation autrement : le vrai\/faux qui remet l'air au bon endroit","og_description":"Le 8 novembre marque la Journ\u00e9e mondiale de la ventilation. On clarifie 6 affirmations trop entendues, pour penser la ventilation autrement.","og_url":"https:\/\/jeremias.fr\/fabricant-conduit-tubage\/la-revue\/vmc-ekkoair\/world-ventil8-day-ventilation-autrement-vrai-faux-ekkoair\/","og_site_name":"Jeremias","article_published_time":"2025-11-06T09:01:37+00:00","article_modified_time":"2025-11-07T08:59:51+00:00","og_image":[{"width":542,"height":355,"url":"https:\/\/jeremias.fr\/fabricant-conduit-tubage\/app\/uploads\/2025\/11\/Journee-mondiale-ventilation-VMC-Ekkoair-Jeremias.jpg","type":"image\/jpeg"}],"author":"Eva Aristhene","twitter_card":"summary_large_image","schema":{"@context":"https:\/\/schema.org","@graph":[{"@type":"WebSite","@id":"https:\/\/jeremias.fr\/fabricant-conduit-tubage\/#website","url":"https:\/\/jeremias.fr\/fabricant-conduit-tubage\/","name":"Jeremias","description":"Conduits de fum\u00e9e","potentialAction":[{"@type":"SearchAction","target":{"@type":"EntryPoint","urlTemplate":"https:\/\/jeremias.fr\/fabricant-conduit-tubage\/?s={search_term_string}"},"query-input":"required name=search_term_string"}],"inLanguage":"fr-FR"},{"@type":"ImageObject","inLanguage":"fr-FR","@id":"https:\/\/jeremias.fr\/fabricant-conduit-tubage\/la-revue\/vmc-ekkoair\/world-ventil8-day-ventilation-autrement-vrai-faux-ekkoair\/#primaryimage","url":"https:\/\/jeremias.fr\/fabricant-conduit-tubage\/app\/uploads\/2025\/11\/Journee-mondiale-ventilation-VMC-Ekkoair-Jeremias.jpg","contentUrl":"https:\/\/jeremias.fr\/fabricant-conduit-tubage\/app\/uploads\/2025\/11\/Journee-mondiale-ventilation-VMC-Ekkoair-Jeremias.jpg","width":542,"height":355,"caption":"Journ\u00e9e-mondiale-ventilation-VMC-Ekkoair-Jeremias"},{"@type":"WebPage","@id":"https:\/\/jeremias.fr\/fabricant-conduit-tubage\/la-revue\/vmc-ekkoair\/world-ventil8-day-ventilation-autrement-vrai-faux-ekkoair\/#webpage","url":"https:\/\/jeremias.fr\/fabricant-conduit-tubage\/la-revue\/vmc-ekkoair\/world-ventil8-day-ventilation-autrement-vrai-faux-ekkoair\/","name":"[World Ventil8 Day] La ventilation autrement - Jeremias Conduits de fum\u00e9e","isPartOf":{"@id":"https:\/\/jeremias.fr\/fabricant-conduit-tubage\/#website"},"primaryImageOfPage":{"@id":"https:\/\/jeremias.fr\/fabricant-conduit-tubage\/la-revue\/vmc-ekkoair\/world-ventil8-day-ventilation-autrement-vrai-faux-ekkoair\/#primaryimage"},"datePublished":"2025-11-06T09:01:37+00:00","dateModified":"2025-11-07T08:59:51+00:00","author":{"@id":"https:\/\/jeremias.fr\/fabricant-conduit-tubage\/#\/schema\/person\/2518c1fa4589388d2bab7ed32a876fbc"},"description":"Le 8 novembre marque la Journ\u00e9e mondiale de la ventilation. On clarifie 6 affirmations trop entendues, pour penser la ventilation autrement.","breadcrumb":{"@id":"https:\/\/jeremias.fr\/fabricant-conduit-tubage\/la-revue\/vmc-ekkoair\/world-ventil8-day-ventilation-autrement-vrai-faux-ekkoair\/#breadcrumb"},"inLanguage":"fr-FR","potentialAction":[{"@type":"ReadAction","target":["https:\/\/jeremias.fr\/fabricant-conduit-tubage\/la-revue\/vmc-ekkoair\/world-ventil8-day-ventilation-autrement-vrai-faux-ekkoair\/"]}]},{"@type":"BreadcrumbList","@id":"https:\/\/jeremias.fr\/fabricant-conduit-tubage\/la-revue\/vmc-ekkoair\/world-ventil8-day-ventilation-autrement-vrai-faux-ekkoair\/#breadcrumb","itemListElement":[{"@type":"ListItem","position":1,"name":"Home","item":"https:\/\/jeremias.fr\/fabricant-conduit-tubage\/"},{"@type":"ListItem","position":2,"name":"[World Ventil8 Day] La ventilation autrement : le vrai\/faux qui remet l&rsquo;air au bon endroit"}]},{"@type":"Person","@id":"https:\/\/jeremias.fr\/fabricant-conduit-tubage\/#\/schema\/person\/2518c1fa4589388d2bab7ed32a876fbc","name":"Eva Aristhene","image":{"@type":"ImageObject","inLanguage":"fr-FR","@id":"https:\/\/jeremias.fr\/fabricant-conduit-tubage\/#\/schema\/person\/image\/","url":"https:\/\/secure.gravatar.com\/avatar\/e343496645205962ea96d224272593c0?s=96&d=mm&r=g","contentUrl":"https:\/\/secure.gravatar.com\/avatar\/e343496645205962ea96d224272593c0?s=96&d=mm&r=g","caption":"Eva Aristhene"},"url":"https:\/\/jeremias.fr\/fabricant-conduit-tubage\/la-revue\/author\/eva-aristhenejeremias-france-fr\/"}]}},"formatted_date":"6 novembre 2025","_links":{"self":[{"href":"https:\/\/jeremias.fr\/fabricant-conduit-tubage\/wp-json\/wp\/v2\/posts\/4959"}],"collection":[{"href":"https:\/\/jeremias.fr\/fabricant-conduit-tubage\/wp-json\/wp\/v2\/posts"}],"about":[{"href":"https:\/\/jeremias.fr\/fabricant-conduit-tubage\/wp-json\/wp\/v2\/types\/post"}],"author":[{"embeddable":true,"href":"https:\/\/jeremias.fr\/fabricant-conduit-tubage\/wp-json\/wp\/v2\/users\/4"}],"replies":[{"embeddable":true,"href":"https:\/\/jeremias.fr\/fabricant-conduit-tubage\/wp-json\/wp\/v2\/comments?post=4959"}],"version-history":[{"count":18,"href":"https:\/\/jeremias.fr\/fabricant-conduit-tubage\/wp-json\/wp\/v2\/posts\/4959\/revisions"}],"predecessor-version":[{"id":4987,"href":"https:\/\/jeremias.fr\/fabricant-conduit-tubage\/wp-json\/wp\/v2\/posts\/4959\/revisions\/4987"}],"wp:featuredmedia":[{"embeddable":true,"href":"https:\/\/jeremias.fr\/fabricant-conduit-tubage\/wp-json\/wp\/v2\/media\/4972"}],"wp:attachment":[{"href":"https:\/\/jeremias.fr\/fabricant-conduit-tubage\/wp-json\/wp\/v2\/media?parent=4959"}],"wp:term":[{"taxonomy":"category","embeddable":true,"href":"https:\/\/jeremias.fr\/fabricant-conduit-tubage\/wp-json\/wp\/v2\/categories?post=4959"},{"taxonomy":"post_tag","embeddable":true,"href":"https:\/\/jeremias.fr\/fabricant-conduit-tubage\/wp-json\/wp\/v2\/tags?post=4959"}],"curies":[{"name":"wp","href":"https:\/\/api.w.org\/{rel}","templated":true}]}}