{"id":2408,"date":"2022-09-22T08:48:55","date_gmt":"2022-09-22T06:48:55","guid":{"rendered":"https:\/\/jeremias.fr\/fabricant-conduit-tubage\/?p=2408"},"modified":"2023-06-23T10:14:20","modified_gmt":"2023-06-23T08:14:20","slug":"evnement-retour-sur-linauguration-de-nos-nouveaux-espaces","status":"publish","type":"post","link":"https:\/\/jeremias.fr\/fabricant-conduit-tubage\/la-revue\/actualites\/evnement-retour-sur-linauguration-de-nos-nouveaux-espaces\/","title":{"rendered":"[\u00c9V\u00c9NEMENT] Retour sur l&rsquo;inauguration de nos nouveaux espaces"},"content":{"rendered":"","protected":false},"excerpt":{"rendered":"<p>Plongez dans les coulisses de cet \u00e9v\u00e9nement, symbole de la croissance de notre entreprise et de l&rsquo;ambiance qui r\u00e8gne dans nos locaux.<\/p>\n","protected":false},"author":4,"featured_media":2424,"comment_status":"closed","ping_status":"closed","sticky":false,"template":"","format":"standard","meta":{"inline_featured_image":false},"categories":[11],"tags":[],"acf":{"temps_de_lecture":"04","introduction":"<p><span style=\"font-weight: 400;\">Le 31 ao\u00fbt 2022 s\u2019est d\u00e9roul\u00e9e l\u2019inauguration des nouveaux espaces, au si\u00e8ge de Lentilly. L\u2019occasion pour nous, de retrouver certains de nos clients fid\u00e8les, nos partenaires de longue date ainsi que quelques fournisseurs. Retour sur ce fabuleux \u00e9v\u00e9nement qui restera grav\u00e9 dans les m\u00e9moires de notre jeune entreprise.<\/span><\/p>\n","blocs":[{"acf_fc_layout":"bloc_video","lien_video":"https:\/\/youtu.be\/aWcmyyN8j0I"},{"acf_fc_layout":"contenu_texte","texte":"<h1><b>Une inauguration oui, mais pourquoi ?<\/b><\/h1>\n<p>&nbsp;<\/p>\n<h2><span style=\"font-weight: 400;\">Les espaces inaugur\u00e9s : le symbole de notre \u00e9volution<\/span><\/h2>\n<p><span style=\"font-weight: 400;\">L\u2019ann\u00e9e 2021 marque le d\u00e9but d\u2019une nouvelle \u00e8re pour Jeremias France : la soci\u00e9t\u00e9 atteint <strong>l\u2019\u00e9quilibre financier<\/strong> et d\u00e9marre de <strong>nouveaux projets<\/strong>. La croissance de l\u2019activit\u00e9 et des effectifs a fait appara\u00eetre de <strong>nouveaux besoins<\/strong> en termes d\u2019espaces de stockage et de travail. Apr\u00e8s une ann\u00e9e telle que nous l\u2019avons connue, les projets d\u2019agrandissement et r\u00e9am\u00e9nagement sont apparus comme une \u00e9vidence pour notre entreprise de tubages, avec en ligne de mire, une <strong>vision \u00e0 long terme<\/strong> de notre d\u00e9veloppement.<\/span><\/p>\n<p>&nbsp;<\/p>\n<h2><span style=\"font-weight: 400;\">L\u2019extension du d\u00e9p\u00f4t : un projet vivant<\/span><\/h2>\n<p><span style=\"font-weight: 400;\">En octobre 2021, les travaux d\u2019extension du d\u00e9p\u00f4t commencent. En quelques mois, la construction sort de terre, prend forme avec pr\u00e8s de <strong>1500 m\u00b2 suppl\u00e9mentaires<\/strong>, et ne fait plus qu\u2019un avec le b\u00e2timent d\u00e9j\u00e0 existant.\u00a0<\/span><\/p>\n<p><span style=\"font-weight: 400;\">Avant et pendant toute la dur\u00e9e des travaux, <strong>une \u00e9quipe projet<\/strong>, compos\u00e9e de pr\u00e9parateurs logistiques, du responsable de d\u00e9p\u00f4t et du directeur technique, a r\u00e9fl\u00e9chi \u00e0 la nouvelle organisation qui allait impacter le service logistique. L\u2019id\u00e9e \u00e9tait d\u2019identifier les probl\u00e9matiques actuelles et de trouver des solutions dans ce nouvel espace de travail. Les plus grands changements sont les suivants :<\/span><\/p>\n<ul>\n<li style=\"font-weight: 400;\" aria-level=\"1\"><span style=\"font-weight: 400;\">Un <strong>nouveau quai<\/strong> d\u00e9di\u00e9 \u00e0 la r\u00e9ception : le quai suppl\u00e9mentaire permet d\u2019identifier deux espaces distincts et d\u2019organiser les flux des marchandises entrantes et sortantes.\u00a0<\/span><\/li>\n<li style=\"font-weight: 400;\" aria-level=\"1\"><span style=\"font-weight: 400;\">Un <strong>espace consacr\u00e9 \u00e0 la gestion des diff\u00e9rents flux<\/strong> : un bureau logistique est int\u00e9gr\u00e9 au c\u0153ur m\u00eame du site ainsi qu\u2019un nouvel espace de r\u00e9ception de stock.<\/span><\/li>\n<\/ul>\n"},{"acf_fc_layout":"bloc_images","images":[{"image":{"ID":2409,"id":2409,"title":"Extension d\u00e9p\u00f4t Jeremias France","filename":"image-inauguration-nouveau-depot-drone.jpg","filesize":45681,"url":"https:\/\/jeremias.fr\/fabricant-conduit-tubage\/app\/uploads\/2022\/09\/image-inauguration-nouveau-depot-drone.jpg","link":"https:\/\/jeremias.fr\/fabricant-conduit-tubage\/la-revue\/actualites\/evnement-retour-sur-linauguration-de-nos-nouveaux-espaces\/attachment\/image-inauguration-nouveau-depot-drone\/","alt":"Extension d\u00e9p\u00f4t Jeremias France","author":"4","description":"","caption":"","name":"image-inauguration-nouveau-depot-drone","status":"inherit","uploaded_to":2408,"date":"2022-09-21 12:27:50","modified":"2022-09-21 12:37:57","menu_order":0,"mime_type":"image\/jpeg","type":"image","subtype":"jpeg","icon":"https:\/\/jeremias.fr\/fabricant-conduit-tubage\/wp\/wp-includes\/images\/media\/default.png","width":542,"height":355,"sizes":{"thumbnail":"https:\/\/jeremias.fr\/fabricant-conduit-tubage\/app\/uploads\/2022\/09\/image-inauguration-nouveau-depot-drone.jpg","thumbnail-width":542,"thumbnail-height":355,"medium":"https:\/\/jeremias.fr\/fabricant-conduit-tubage\/app\/uploads\/2022\/09\/image-inauguration-nouveau-depot-drone-300x196.jpg","medium-width":300,"medium-height":196,"medium_large":"https:\/\/jeremias.fr\/fabricant-conduit-tubage\/app\/uploads\/2022\/09\/image-inauguration-nouveau-depot-drone.jpg","medium_large-width":542,"medium_large-height":355,"large":"https:\/\/jeremias.fr\/fabricant-conduit-tubage\/app\/uploads\/2022\/09\/image-inauguration-nouveau-depot-drone.jpg","large-width":542,"large-height":355,"1536x1536":"https:\/\/jeremias.fr\/fabricant-conduit-tubage\/app\/uploads\/2022\/09\/image-inauguration-nouveau-depot-drone.jpg","1536x1536-width":542,"1536x1536-height":355,"2048x2048":"https:\/\/jeremias.fr\/fabricant-conduit-tubage\/app\/uploads\/2022\/09\/image-inauguration-nouveau-depot-drone.jpg","2048x2048-width":542,"2048x2048-height":355,"post-thumbnail":"https:\/\/jeremias.fr\/fabricant-conduit-tubage\/app\/uploads\/2022\/09\/image-inauguration-nouveau-depot-drone.jpg","post-thumbnail-width":542,"post-thumbnail-height":355,"slider":"https:\/\/jeremias.fr\/fabricant-conduit-tubage\/app\/uploads\/2022\/09\/image-inauguration-nouveau-depot-drone.jpg","slider-width":542,"slider-height":355,"timeline":"https:\/\/jeremias.fr\/fabricant-conduit-tubage\/app\/uploads\/2022\/09\/image-inauguration-nouveau-depot-drone-399x257.jpg","timeline-width":399,"timeline-height":257}}},{"image":{"ID":2410,"id":2410,"title":"Quai r\u00e9ception Jeremias France","filename":"image-inauguration-nouveau-depot-quai-reception.jpg","filesize":32920,"url":"https:\/\/jeremias.fr\/fabricant-conduit-tubage\/app\/uploads\/2022\/09\/image-inauguration-nouveau-depot-quai-reception.jpg","link":"https:\/\/jeremias.fr\/fabricant-conduit-tubage\/la-revue\/actualites\/evnement-retour-sur-linauguration-de-nos-nouveaux-espaces\/attachment\/image-inauguration-nouveau-depot-quai-reception\/","alt":"Quai r\u00e9ception Jeremias France","author":"4","description":"","caption":"","name":"image-inauguration-nouveau-depot-quai-reception","status":"inherit","uploaded_to":2408,"date":"2022-09-21 12:27:51","modified":"2022-09-21 12:38:12","menu_order":0,"mime_type":"image\/jpeg","type":"image","subtype":"jpeg","icon":"https:\/\/jeremias.fr\/fabricant-conduit-tubage\/wp\/wp-includes\/images\/media\/default.png","width":542,"height":355,"sizes":{"thumbnail":"https:\/\/jeremias.fr\/fabricant-conduit-tubage\/app\/uploads\/2022\/09\/image-inauguration-nouveau-depot-quai-reception.jpg","thumbnail-width":542,"thumbnail-height":355,"medium":"https:\/\/jeremias.fr\/fabricant-conduit-tubage\/app\/uploads\/2022\/09\/image-inauguration-nouveau-depot-quai-reception-300x196.jpg","medium-width":300,"medium-height":196,"medium_large":"https:\/\/jeremias.fr\/fabricant-conduit-tubage\/app\/uploads\/2022\/09\/image-inauguration-nouveau-depot-quai-reception.jpg","medium_large-width":542,"medium_large-height":355,"large":"https:\/\/jeremias.fr\/fabricant-conduit-tubage\/app\/uploads\/2022\/09\/image-inauguration-nouveau-depot-quai-reception.jpg","large-width":542,"large-height":355,"1536x1536":"https:\/\/jeremias.fr\/fabricant-conduit-tubage\/app\/uploads\/2022\/09\/image-inauguration-nouveau-depot-quai-reception.jpg","1536x1536-width":542,"1536x1536-height":355,"2048x2048":"https:\/\/jeremias.fr\/fabricant-conduit-tubage\/app\/uploads\/2022\/09\/image-inauguration-nouveau-depot-quai-reception.jpg","2048x2048-width":542,"2048x2048-height":355,"post-thumbnail":"https:\/\/jeremias.fr\/fabricant-conduit-tubage\/app\/uploads\/2022\/09\/image-inauguration-nouveau-depot-quai-reception.jpg","post-thumbnail-width":542,"post-thumbnail-height":355,"slider":"https:\/\/jeremias.fr\/fabricant-conduit-tubage\/app\/uploads\/2022\/09\/image-inauguration-nouveau-depot-quai-reception.jpg","slider-width":542,"slider-height":355,"timeline":"https:\/\/jeremias.fr\/fabricant-conduit-tubage\/app\/uploads\/2022\/09\/image-inauguration-nouveau-depot-quai-reception-399x257.jpg","timeline-width":399,"timeline-height":257}}}]},{"acf_fc_layout":"contenu_texte","texte":"<h2><span style=\"font-weight: 400;\">Le r\u00e9am\u00e9nagement des bureaux<\/span><\/h2>\n<p><span style=\"font-weight: 400;\">L\u2019activit\u00e9 et son essor ont \u00e9galement fait cro\u00eetre l\u2019effectif s\u00e9dentaire sur le site de Lentilly. De ce fait, il devenait essentiel de r\u00e9adapter les espaces bureaux pour r\u00e9pondre aux <strong>diff\u00e9rentes contraintes de chaque service<\/strong> et <strong>am\u00e9liorer les \u00e9changes<\/strong>. Les locaux \u00e9taient initialement tr\u00e8s cloisonn\u00e9s. Un long couloir desservait les bureaux. Il faisait perdre de la place et limitait la communication interne.\u00a0<\/span><\/p>\n<p><span style=\"font-weight: 400;\">Plusieurs contraintes devaient \u00eatre prise en compte pour r\u00e9pondre \u00e0 nos besoins :\u00a0<\/span><\/p>\n<ul>\n<li style=\"font-weight: 400;\" aria-level=\"1\"><span style=\"font-weight: 400;\">Supprimer le maximum de cloisons possibles pour <strong>cr\u00e9er un open-space<\/strong><\/span><\/li>\n<li style=\"font-weight: 400;\" aria-level=\"1\"><span style=\"font-weight: 400;\"><strong>Utiliser l\u2019\u00e9tage<\/strong> qui, jusqu\u2019\u00e0 pr\u00e9sent, \u00e9tait un espace trop peu valoris\u00e9<\/span><\/li>\n<li style=\"font-weight: 400;\" aria-level=\"1\"><span style=\"font-weight: 400;\">Cr\u00e9er un <strong>espace de vie convivial<\/strong> destin\u00e9 aux salari\u00e9s, un peu \u201ccomme \u00e0 la maison\u201d<\/span><\/li>\n<li style=\"font-weight: 400;\" aria-level=\"1\"><span style=\"font-weight: 400;\"><strong>Moderniser<\/strong> l\u2019ensemble pour que l\u2019image renvoy\u00e9e soit en corr\u00e9lation avec nos valeurs et nos couleurs<\/span><\/li>\n<li aria-level=\"1\">Mettre en avant nos produits avec un <strong>showroom<\/strong> directement visible depuis l&rsquo;entr\u00e9e et accueillant<\/li>\n<\/ul>\n<p><span style=\"font-weight: 400;\">L\u2019\u00e9quipe d\u00e9di\u00e9e au projet de r\u00e9am\u00e9nagement a contribu\u00e9 \u00e0 son d\u00e9veloppement, du cahier des charges au choix des couleurs en passant par la s\u00e9lection des prestataires. <\/span><\/p>\n"},{"acf_fc_layout":"bloc_images","images":[{"image":{"ID":2411,"id":2411,"title":"Showroom pr\u00e9sentation des conduits de fum\u00e9e Jeremias France","filename":"image-inauguration-entree-showroom.jpg","filesize":24596,"url":"https:\/\/jeremias.fr\/fabricant-conduit-tubage\/app\/uploads\/2022\/09\/image-inauguration-entree-showroom.jpg","link":"https:\/\/jeremias.fr\/fabricant-conduit-tubage\/la-revue\/actualites\/evnement-retour-sur-linauguration-de-nos-nouveaux-espaces\/attachment\/image-inauguration-entree-showroom\/","alt":"Showroom pr\u00e9sentation des conduits de fum\u00e9e Jeremias France","author":"4","description":"","caption":"","name":"image-inauguration-entree-showroom","status":"inherit","uploaded_to":2408,"date":"2022-09-21 12:45:54","modified":"2024-03-08 10:38:41","menu_order":0,"mime_type":"image\/jpeg","type":"image","subtype":"jpeg","icon":"https:\/\/jeremias.fr\/fabricant-conduit-tubage\/wp\/wp-includes\/images\/media\/default.png","width":542,"height":355,"sizes":{"thumbnail":"https:\/\/jeremias.fr\/fabricant-conduit-tubage\/app\/uploads\/2022\/09\/image-inauguration-entree-showroom.jpg","thumbnail-width":542,"thumbnail-height":355,"medium":"https:\/\/jeremias.fr\/fabricant-conduit-tubage\/app\/uploads\/2022\/09\/image-inauguration-entree-showroom-300x196.jpg","medium-width":300,"medium-height":196,"medium_large":"https:\/\/jeremias.fr\/fabricant-conduit-tubage\/app\/uploads\/2022\/09\/image-inauguration-entree-showroom.jpg","medium_large-width":542,"medium_large-height":355,"large":"https:\/\/jeremias.fr\/fabricant-conduit-tubage\/app\/uploads\/2022\/09\/image-inauguration-entree-showroom.jpg","large-width":542,"large-height":355,"1536x1536":"https:\/\/jeremias.fr\/fabricant-conduit-tubage\/app\/uploads\/2022\/09\/image-inauguration-entree-showroom.jpg","1536x1536-width":542,"1536x1536-height":355,"2048x2048":"https:\/\/jeremias.fr\/fabricant-conduit-tubage\/app\/uploads\/2022\/09\/image-inauguration-entree-showroom.jpg","2048x2048-width":542,"2048x2048-height":355,"post-thumbnail":"https:\/\/jeremias.fr\/fabricant-conduit-tubage\/app\/uploads\/2022\/09\/image-inauguration-entree-showroom.jpg","post-thumbnail-width":542,"post-thumbnail-height":355,"slider":"https:\/\/jeremias.fr\/fabricant-conduit-tubage\/app\/uploads\/2022\/09\/image-inauguration-entree-showroom.jpg","slider-width":542,"slider-height":355,"timeline":"https:\/\/jeremias.fr\/fabricant-conduit-tubage\/app\/uploads\/2022\/09\/image-inauguration-entree-showroom-399x257.jpg","timeline-width":399,"timeline-height":257}}},{"image":{"ID":2412,"id":2412,"title":"Open space - bureaux Jeremias France Conduits de fum\u00e9e","filename":"image-inauguration-open-space.jpg","filesize":27533,"url":"https:\/\/jeremias.fr\/fabricant-conduit-tubage\/app\/uploads\/2022\/09\/image-inauguration-open-space.jpg","link":"https:\/\/jeremias.fr\/fabricant-conduit-tubage\/la-revue\/actualites\/evnement-retour-sur-linauguration-de-nos-nouveaux-espaces\/attachment\/image-inauguration-open-space\/","alt":"Open space - bureaux Jeremias France Conduits de fum\u00e9e","author":"4","description":"","caption":"","name":"image-inauguration-open-space","status":"inherit","uploaded_to":2408,"date":"2022-09-21 12:45:55","modified":"2022-09-21 12:46:14","menu_order":0,"mime_type":"image\/jpeg","type":"image","subtype":"jpeg","icon":"https:\/\/jeremias.fr\/fabricant-conduit-tubage\/wp\/wp-includes\/images\/media\/default.png","width":542,"height":355,"sizes":{"thumbnail":"https:\/\/jeremias.fr\/fabricant-conduit-tubage\/app\/uploads\/2022\/09\/image-inauguration-open-space.jpg","thumbnail-width":542,"thumbnail-height":355,"medium":"https:\/\/jeremias.fr\/fabricant-conduit-tubage\/app\/uploads\/2022\/09\/image-inauguration-open-space-300x196.jpg","medium-width":300,"medium-height":196,"medium_large":"https:\/\/jeremias.fr\/fabricant-conduit-tubage\/app\/uploads\/2022\/09\/image-inauguration-open-space.jpg","medium_large-width":542,"medium_large-height":355,"large":"https:\/\/jeremias.fr\/fabricant-conduit-tubage\/app\/uploads\/2022\/09\/image-inauguration-open-space.jpg","large-width":542,"large-height":355,"1536x1536":"https:\/\/jeremias.fr\/fabricant-conduit-tubage\/app\/uploads\/2022\/09\/image-inauguration-open-space.jpg","1536x1536-width":542,"1536x1536-height":355,"2048x2048":"https:\/\/jeremias.fr\/fabricant-conduit-tubage\/app\/uploads\/2022\/09\/image-inauguration-open-space.jpg","2048x2048-width":542,"2048x2048-height":355,"post-thumbnail":"https:\/\/jeremias.fr\/fabricant-conduit-tubage\/app\/uploads\/2022\/09\/image-inauguration-open-space.jpg","post-thumbnail-width":542,"post-thumbnail-height":355,"slider":"https:\/\/jeremias.fr\/fabricant-conduit-tubage\/app\/uploads\/2022\/09\/image-inauguration-open-space.jpg","slider-width":542,"slider-height":355,"timeline":"https:\/\/jeremias.fr\/fabricant-conduit-tubage\/app\/uploads\/2022\/09\/image-inauguration-open-space-399x257.jpg","timeline-width":399,"timeline-height":257}}}]},{"acf_fc_layout":"contenu_texte","texte":"<h1>Les moments forts d\u2019un \u00e9v\u00e9nement unique<\/h1>\n<p>&nbsp;<\/p>\n<h2><span style=\"font-weight: 400;\">Visites des locaux : la d\u00e9couverte d\u2019une nouvelle \u00e8re<\/span><\/h2>\n<p><span style=\"font-weight: 400;\">Toute l\u2019\u00e9quipe \u00e9tait tr\u00e8s fi\u00e8re de montrer<strong> la concr\u00e9tisation <\/strong>de nos projets principaux de l\u2019ann\u00e9e, <strong>faire d\u00e9couvrir notre environnement de travail<\/strong> et la mani\u00e8re dont nous sommes organis\u00e9s. Pour les clients, comme pour les partenaires, cela permet de comprendre notre mode de fonctionnement et de r\u00e9aliser l\u2019ampleur que la soci\u00e9t\u00e9 a pris depuis sa cr\u00e9ation. Depuis le quai de r\u00e9ception, jusqu\u2019\u00e0 la salle de r\u00e9union en passant par les all\u00e9es du d\u00e9p\u00f4t et le showroom, nous avons mis en lumi\u00e8re les plus importants changements auxquels nous avons d\u00fb nous adapter. <strong>L\u2019adaptation<\/strong>, l\u2019une de nos valeurs, est le mot d\u2019ordre qui guide toutes nos \u00e9quipes au quotidien et il \u00e9tait essentiel de le prouver lors de ces visites, tr\u00e8s instructives pour tous. <\/span><\/p>\n"},{"acf_fc_layout":"bloc_images","images":[{"image":{"ID":2413,"id":2413,"title":"Visites des bureaux - inauguration Jeremias France","filename":"image-inauguration-visites.jpg","filesize":23715,"url":"https:\/\/jeremias.fr\/fabricant-conduit-tubage\/app\/uploads\/2022\/09\/image-inauguration-visites.jpg","link":"https:\/\/jeremias.fr\/fabricant-conduit-tubage\/la-revue\/actualites\/evnement-retour-sur-linauguration-de-nos-nouveaux-espaces\/attachment\/image-inauguration-visites\/","alt":"Visites des bureaux - inauguration Jeremias France","author":"4","description":"","caption":"","name":"image-inauguration-visites","status":"inherit","uploaded_to":2408,"date":"2022-09-21 12:49:56","modified":"2022-09-21 12:50:30","menu_order":0,"mime_type":"image\/jpeg","type":"image","subtype":"jpeg","icon":"https:\/\/jeremias.fr\/fabricant-conduit-tubage\/wp\/wp-includes\/images\/media\/default.png","width":542,"height":355,"sizes":{"thumbnail":"https:\/\/jeremias.fr\/fabricant-conduit-tubage\/app\/uploads\/2022\/09\/image-inauguration-visites.jpg","thumbnail-width":542,"thumbnail-height":355,"medium":"https:\/\/jeremias.fr\/fabricant-conduit-tubage\/app\/uploads\/2022\/09\/image-inauguration-visites-300x196.jpg","medium-width":300,"medium-height":196,"medium_large":"https:\/\/jeremias.fr\/fabricant-conduit-tubage\/app\/uploads\/2022\/09\/image-inauguration-visites.jpg","medium_large-width":542,"medium_large-height":355,"large":"https:\/\/jeremias.fr\/fabricant-conduit-tubage\/app\/uploads\/2022\/09\/image-inauguration-visites.jpg","large-width":542,"large-height":355,"1536x1536":"https:\/\/jeremias.fr\/fabricant-conduit-tubage\/app\/uploads\/2022\/09\/image-inauguration-visites.jpg","1536x1536-width":542,"1536x1536-height":355,"2048x2048":"https:\/\/jeremias.fr\/fabricant-conduit-tubage\/app\/uploads\/2022\/09\/image-inauguration-visites.jpg","2048x2048-width":542,"2048x2048-height":355,"post-thumbnail":"https:\/\/jeremias.fr\/fabricant-conduit-tubage\/app\/uploads\/2022\/09\/image-inauguration-visites.jpg","post-thumbnail-width":542,"post-thumbnail-height":355,"slider":"https:\/\/jeremias.fr\/fabricant-conduit-tubage\/app\/uploads\/2022\/09\/image-inauguration-visites.jpg","slider-width":542,"slider-height":355,"timeline":"https:\/\/jeremias.fr\/fabricant-conduit-tubage\/app\/uploads\/2022\/09\/image-inauguration-visites-399x257.jpg","timeline-width":399,"timeline-height":257}}},{"image":{"ID":2414,"id":2414,"title":"Visites du d\u00e9p\u00f4t - inauguration Jeremias France","filename":"image-inauguration-visites-depot.jpg","filesize":45675,"url":"https:\/\/jeremias.fr\/fabricant-conduit-tubage\/app\/uploads\/2022\/09\/image-inauguration-visites-depot.jpg","link":"https:\/\/jeremias.fr\/fabricant-conduit-tubage\/la-revue\/actualites\/evnement-retour-sur-linauguration-de-nos-nouveaux-espaces\/attachment\/image-inauguration-visites-depot\/","alt":"Visites du d\u00e9p\u00f4t - inauguration Jeremias France","author":"4","description":"","caption":"","name":"image-inauguration-visites-depot","status":"inherit","uploaded_to":2408,"date":"2022-09-21 12:49:56","modified":"2022-09-21 12:50:15","menu_order":0,"mime_type":"image\/jpeg","type":"image","subtype":"jpeg","icon":"https:\/\/jeremias.fr\/fabricant-conduit-tubage\/wp\/wp-includes\/images\/media\/default.png","width":542,"height":355,"sizes":{"thumbnail":"https:\/\/jeremias.fr\/fabricant-conduit-tubage\/app\/uploads\/2022\/09\/image-inauguration-visites-depot.jpg","thumbnail-width":542,"thumbnail-height":355,"medium":"https:\/\/jeremias.fr\/fabricant-conduit-tubage\/app\/uploads\/2022\/09\/image-inauguration-visites-depot-300x196.jpg","medium-width":300,"medium-height":196,"medium_large":"https:\/\/jeremias.fr\/fabricant-conduit-tubage\/app\/uploads\/2022\/09\/image-inauguration-visites-depot.jpg","medium_large-width":542,"medium_large-height":355,"large":"https:\/\/jeremias.fr\/fabricant-conduit-tubage\/app\/uploads\/2022\/09\/image-inauguration-visites-depot.jpg","large-width":542,"large-height":355,"1536x1536":"https:\/\/jeremias.fr\/fabricant-conduit-tubage\/app\/uploads\/2022\/09\/image-inauguration-visites-depot.jpg","1536x1536-width":542,"1536x1536-height":355,"2048x2048":"https:\/\/jeremias.fr\/fabricant-conduit-tubage\/app\/uploads\/2022\/09\/image-inauguration-visites-depot.jpg","2048x2048-width":542,"2048x2048-height":355,"post-thumbnail":"https:\/\/jeremias.fr\/fabricant-conduit-tubage\/app\/uploads\/2022\/09\/image-inauguration-visites-depot.jpg","post-thumbnail-width":542,"post-thumbnail-height":355,"slider":"https:\/\/jeremias.fr\/fabricant-conduit-tubage\/app\/uploads\/2022\/09\/image-inauguration-visites-depot.jpg","slider-width":542,"slider-height":355,"timeline":"https:\/\/jeremias.fr\/fabricant-conduit-tubage\/app\/uploads\/2022\/09\/image-inauguration-visites-depot-399x257.jpg","timeline-width":399,"timeline-height":257}}}]},{"acf_fc_layout":"contenu_texte","texte":"<h2><span style=\"font-weight: 400;\">La fresque : une \u0153uvre collective<\/span><\/h2>\n<p><span style=\"font-weight: 400;\">Nous avons propos\u00e9 aux participants de <strong>laisser la trace de leur passage<\/strong> lors de cet \u00e9v\u00e9nement. Anim\u00e9 par <strong>le graffeur Nesk<\/strong>, un atelier <strong>\u201cfresque participative\u201d<\/strong> a permis aux volontaires de venir graffer, \u00e0 l\u2019aide de pochoirs, des conduits et des coudes, sur une base d\u00e9j\u00e0 \u00e9tablie par l\u2019artiste. Cette animation, cr\u00e9ative et ludique, s\u2019illustre aujourd\u2019hui sous la forme d\u2019<strong>une \u0153uvre unique<\/strong> en son genre, au milieu des locaux de Jeremias France. Nous sommes tr\u00e8s fiers de l\u2019exposer, en tant que <strong>souvenir et d\u00e9coration atypique<\/strong>. <\/span><\/p>\n"},{"acf_fc_layout":"bloc_images","images":[{"image":{"ID":2416,"id":2416,"title":"Graffeur Nesk - Inauguration Jeremias France Lyon","filename":"image-inauguration-graffeur.jpg","filesize":30284,"url":"https:\/\/jeremias.fr\/fabricant-conduit-tubage\/app\/uploads\/2022\/09\/image-inauguration-graffeur.jpg","link":"https:\/\/jeremias.fr\/fabricant-conduit-tubage\/la-revue\/actualites\/evnement-retour-sur-linauguration-de-nos-nouveaux-espaces\/attachment\/image-inauguration-graffeur\/","alt":"Graffeur Nesk - Inauguration Jeremias France Lyon","author":"4","description":"","caption":"","name":"image-inauguration-graffeur","status":"inherit","uploaded_to":2408,"date":"2022-09-21 12:53:36","modified":"2022-09-21 12:54:03","menu_order":0,"mime_type":"image\/jpeg","type":"image","subtype":"jpeg","icon":"https:\/\/jeremias.fr\/fabricant-conduit-tubage\/wp\/wp-includes\/images\/media\/default.png","width":542,"height":355,"sizes":{"thumbnail":"https:\/\/jeremias.fr\/fabricant-conduit-tubage\/app\/uploads\/2022\/09\/image-inauguration-graffeur.jpg","thumbnail-width":542,"thumbnail-height":355,"medium":"https:\/\/jeremias.fr\/fabricant-conduit-tubage\/app\/uploads\/2022\/09\/image-inauguration-graffeur-300x196.jpg","medium-width":300,"medium-height":196,"medium_large":"https:\/\/jeremias.fr\/fabricant-conduit-tubage\/app\/uploads\/2022\/09\/image-inauguration-graffeur.jpg","medium_large-width":542,"medium_large-height":355,"large":"https:\/\/jeremias.fr\/fabricant-conduit-tubage\/app\/uploads\/2022\/09\/image-inauguration-graffeur.jpg","large-width":542,"large-height":355,"1536x1536":"https:\/\/jeremias.fr\/fabricant-conduit-tubage\/app\/uploads\/2022\/09\/image-inauguration-graffeur.jpg","1536x1536-width":542,"1536x1536-height":355,"2048x2048":"https:\/\/jeremias.fr\/fabricant-conduit-tubage\/app\/uploads\/2022\/09\/image-inauguration-graffeur.jpg","2048x2048-width":542,"2048x2048-height":355,"post-thumbnail":"https:\/\/jeremias.fr\/fabricant-conduit-tubage\/app\/uploads\/2022\/09\/image-inauguration-graffeur.jpg","post-thumbnail-width":542,"post-thumbnail-height":355,"slider":"https:\/\/jeremias.fr\/fabricant-conduit-tubage\/app\/uploads\/2022\/09\/image-inauguration-graffeur.jpg","slider-width":542,"slider-height":355,"timeline":"https:\/\/jeremias.fr\/fabricant-conduit-tubage\/app\/uploads\/2022\/09\/image-inauguration-graffeur-399x257.jpg","timeline-width":399,"timeline-height":257}}},{"image":{"ID":2415,"id":2415,"title":"Fresque participative - Inauguration Jeremias France","filename":"image-inauguration-fresque-participative.jpg","filesize":27066,"url":"https:\/\/jeremias.fr\/fabricant-conduit-tubage\/app\/uploads\/2022\/09\/image-inauguration-fresque-participative.jpg","link":"https:\/\/jeremias.fr\/fabricant-conduit-tubage\/la-revue\/actualites\/evnement-retour-sur-linauguration-de-nos-nouveaux-espaces\/attachment\/image-inauguration-fresque-participative\/","alt":"Fresque participative - Inauguration Jeremias France","author":"4","description":"","caption":"","name":"image-inauguration-fresque-participative","status":"inherit","uploaded_to":2408,"date":"2022-09-21 12:53:35","modified":"2022-09-21 12:54:17","menu_order":0,"mime_type":"image\/jpeg","type":"image","subtype":"jpeg","icon":"https:\/\/jeremias.fr\/fabricant-conduit-tubage\/wp\/wp-includes\/images\/media\/default.png","width":542,"height":355,"sizes":{"thumbnail":"https:\/\/jeremias.fr\/fabricant-conduit-tubage\/app\/uploads\/2022\/09\/image-inauguration-fresque-participative.jpg","thumbnail-width":542,"thumbnail-height":355,"medium":"https:\/\/jeremias.fr\/fabricant-conduit-tubage\/app\/uploads\/2022\/09\/image-inauguration-fresque-participative-300x196.jpg","medium-width":300,"medium-height":196,"medium_large":"https:\/\/jeremias.fr\/fabricant-conduit-tubage\/app\/uploads\/2022\/09\/image-inauguration-fresque-participative.jpg","medium_large-width":542,"medium_large-height":355,"large":"https:\/\/jeremias.fr\/fabricant-conduit-tubage\/app\/uploads\/2022\/09\/image-inauguration-fresque-participative.jpg","large-width":542,"large-height":355,"1536x1536":"https:\/\/jeremias.fr\/fabricant-conduit-tubage\/app\/uploads\/2022\/09\/image-inauguration-fresque-participative.jpg","1536x1536-width":542,"1536x1536-height":355,"2048x2048":"https:\/\/jeremias.fr\/fabricant-conduit-tubage\/app\/uploads\/2022\/09\/image-inauguration-fresque-participative.jpg","2048x2048-width":542,"2048x2048-height":355,"post-thumbnail":"https:\/\/jeremias.fr\/fabricant-conduit-tubage\/app\/uploads\/2022\/09\/image-inauguration-fresque-participative.jpg","post-thumbnail-width":542,"post-thumbnail-height":355,"slider":"https:\/\/jeremias.fr\/fabricant-conduit-tubage\/app\/uploads\/2022\/09\/image-inauguration-fresque-participative.jpg","slider-width":542,"slider-height":355,"timeline":"https:\/\/jeremias.fr\/fabricant-conduit-tubage\/app\/uploads\/2022\/09\/image-inauguration-fresque-participative-399x257.jpg","timeline-width":399,"timeline-height":257}}}]},{"acf_fc_layout":"contenu_texte","texte":"<h2><span style=\"font-weight: 400;\">Les interventions : entre vision \u00e0 long terme, d\u00e9bats et engagement<\/span><\/h2>\n<p><span style=\"font-weight: 400;\">Des prises de paroles bien diff\u00e9rentes les unes des autres ont rythm\u00e9 une partie de la soir\u00e9e.<\/span><\/p>\n<ul>\n<li style=\"font-weight: 400;\" aria-level=\"1\"><span style=\"font-weight: 400;\"><strong>Fr\u00e9d\u00e9ric SAEZ<\/strong> a abord\u00e9 l\u2019ann\u00e9e \u00e9coul\u00e9e, <strong>sa vision sur le march\u00e9<\/strong> et ses id\u00e9es pour <strong>l\u2019avenir de Jeremias France<\/strong> avec un texte touchant \u00e0 destination des invit\u00e9s et des salari\u00e9s. Son intervention a \u00e9t\u00e9 suivie par le discours, en fran\u00e7ais, de <strong>Wolfgang GEISER<\/strong>, directeur administratif et financier du groupe Jeremias, et la <strong>remise de la plaque officielle du groupe<\/strong>. Une agr\u00e9able surprise pour toute l\u2019\u00e9quipe.<\/span><\/li>\n<\/ul>\n<p style=\"text-align: center;\"><strong>\u00ab\u00a0On ne souhaite pas devenir la meilleure entreprise du monde mais avoir en ligne de mire de faire partie des meilleures entreprises pour le monde.\u00a0\u00bb<\/strong><\/p>\n<ul>\n<li style=\"font-weight: 400;\" aria-level=\"1\"><span style=\"font-weight: 400;\">Les \u00e9changes et discussions autour des tensions actuelles pr\u00e9sentes sur le march\u00e9, ont \u00e9t\u00e9 enrichissantes gr\u00e2ce \u00e0 l\u2019intervention de <strong>\u00c9ric VIAL<\/strong>, d\u00e9l\u00e9gu\u00e9 g\u00e9n\u00e9ral de <strong>Propellet<\/strong>, association r\u00e9f\u00e9rente de la <strong>fili\u00e8re du granul\u00e9 de bois<\/strong>. Cette prise de parole a permis de <strong>rassurer<\/strong> les installateurs pr\u00e9sents qui ont exprim\u00e9 leurs incertitudes et craintes sur la disponibilit\u00e9 et le prix du combustible. En tant qu\u2019acteur de plus en plus important sur le march\u00e9, nous assumons le fait de vouloir entamer tout d\u00e9bat nous faisant avancer sur <strong>un secteur en pleine mutation<\/strong>, surtout dans cette p\u00e9riode si sp\u00e9ciale.<\/span><\/li>\n<li style=\"font-weight: 400;\" aria-level=\"1\"><span style=\"font-weight: 400;\">C\u2019est ensuite <strong>Marie LEXTRAIT<\/strong>, fondatrice de l\u2019agence <strong>Answer Compagnie<\/strong>, et <strong>Muriel DAVID<\/strong>, repr\u00e9sentante de l\u2019association <strong>l\u2019Enfant Bleu Lyon<\/strong>, qui se sont exprim\u00e9es suite au partenariat que nous avons r\u00e9alis\u00e9 avec les deux organisations. Vous le savez s\u00fbrement d\u00e9j\u00e0, nous sommes, depuis le d\u00e9but de l\u2019ann\u00e9e, en challenge interne pour soutenir l\u2019association, aux c\u00f4t\u00e9s de l\u2019agence qui nous accompagne dans notre action. Nous sommes plus que ravis de <strong>l\u2019engouement<\/strong> que le partenariat a engendr\u00e9 aupr\u00e8s de nos \u00e9quipes et de notre groupe puisqu\u2019au total, nous avons r\u00e9ussi \u00e0 <strong>r\u00e9colter<\/strong> <strong>10 485\u20ac<\/strong> ! Ceci gr\u00e2ce \u00e0 la team Jeremias France, au groupe Jeremias et \u00e0 la tombola qui a \u00e9t\u00e9 organis\u00e9e lors de l\u2019\u00e9v\u00e9nement. C\u2019est donc gr\u00e2ce \u00e0 toutes les parties prenantes de notre soci\u00e9t\u00e9 que <strong>nous r\u00e9ussissons un tr\u00e8s beau d\u00e9fi<\/strong>, tout cela pour les enfants !<\/span><\/li>\n<\/ul>\n"},{"acf_fc_layout":"bloc_images","images":[{"image":{"ID":2417,"id":2417,"title":"Discours dirigeants Jeremias - Inauguration Jeremias France","filename":"image-inauguration-visites-discours-jeremias.jpg","filesize":25913,"url":"https:\/\/jeremias.fr\/fabricant-conduit-tubage\/app\/uploads\/2022\/09\/image-inauguration-visites-discours-jeremias.jpg","link":"https:\/\/jeremias.fr\/fabricant-conduit-tubage\/la-revue\/actualites\/evnement-retour-sur-linauguration-de-nos-nouveaux-espaces\/attachment\/image-inauguration-visites-discours-jeremias\/","alt":"Discours dirigeants Jeremias","author":"4","description":"","caption":"","name":"image-inauguration-visites-discours-jeremias","status":"inherit","uploaded_to":2408,"date":"2022-09-21 13:02:54","modified":"2022-09-21 13:03:20","menu_order":0,"mime_type":"image\/jpeg","type":"image","subtype":"jpeg","icon":"https:\/\/jeremias.fr\/fabricant-conduit-tubage\/wp\/wp-includes\/images\/media\/default.png","width":542,"height":355,"sizes":{"thumbnail":"https:\/\/jeremias.fr\/fabricant-conduit-tubage\/app\/uploads\/2022\/09\/image-inauguration-visites-discours-jeremias.jpg","thumbnail-width":542,"thumbnail-height":355,"medium":"https:\/\/jeremias.fr\/fabricant-conduit-tubage\/app\/uploads\/2022\/09\/image-inauguration-visites-discours-jeremias-300x196.jpg","medium-width":300,"medium-height":196,"medium_large":"https:\/\/jeremias.fr\/fabricant-conduit-tubage\/app\/uploads\/2022\/09\/image-inauguration-visites-discours-jeremias.jpg","medium_large-width":542,"medium_large-height":355,"large":"https:\/\/jeremias.fr\/fabricant-conduit-tubage\/app\/uploads\/2022\/09\/image-inauguration-visites-discours-jeremias.jpg","large-width":542,"large-height":355,"1536x1536":"https:\/\/jeremias.fr\/fabricant-conduit-tubage\/app\/uploads\/2022\/09\/image-inauguration-visites-discours-jeremias.jpg","1536x1536-width":542,"1536x1536-height":355,"2048x2048":"https:\/\/jeremias.fr\/fabricant-conduit-tubage\/app\/uploads\/2022\/09\/image-inauguration-visites-discours-jeremias.jpg","2048x2048-width":542,"2048x2048-height":355,"post-thumbnail":"https:\/\/jeremias.fr\/fabricant-conduit-tubage\/app\/uploads\/2022\/09\/image-inauguration-visites-discours-jeremias.jpg","post-thumbnail-width":542,"post-thumbnail-height":355,"slider":"https:\/\/jeremias.fr\/fabricant-conduit-tubage\/app\/uploads\/2022\/09\/image-inauguration-visites-discours-jeremias.jpg","slider-width":542,"slider-height":355,"timeline":"https:\/\/jeremias.fr\/fabricant-conduit-tubage\/app\/uploads\/2022\/09\/image-inauguration-visites-discours-jeremias-399x257.jpg","timeline-width":399,"timeline-height":257}}},{"image":{"ID":2418,"id":2418,"title":"Prise de parole granul\u00e9s de bois et partenariat associatif - Jeremias France","filename":"image-inauguration-visites-prise-de-paroles.jpg","filesize":29001,"url":"https:\/\/jeremias.fr\/fabricant-conduit-tubage\/app\/uploads\/2022\/09\/image-inauguration-visites-prise-de-paroles.jpg","link":"https:\/\/jeremias.fr\/fabricant-conduit-tubage\/la-revue\/actualites\/evnement-retour-sur-linauguration-de-nos-nouveaux-espaces\/attachment\/image-inauguration-visites-prise-de-paroles\/","alt":"Prise de parole granul\u00e9s de bois et partenariat associatif - Jeremias France","author":"4","description":"","caption":"","name":"image-inauguration-visites-prise-de-paroles","status":"inherit","uploaded_to":2408,"date":"2022-09-21 13:02:55","modified":"2022-09-21 13:03:39","menu_order":0,"mime_type":"image\/jpeg","type":"image","subtype":"jpeg","icon":"https:\/\/jeremias.fr\/fabricant-conduit-tubage\/wp\/wp-includes\/images\/media\/default.png","width":542,"height":355,"sizes":{"thumbnail":"https:\/\/jeremias.fr\/fabricant-conduit-tubage\/app\/uploads\/2022\/09\/image-inauguration-visites-prise-de-paroles.jpg","thumbnail-width":542,"thumbnail-height":355,"medium":"https:\/\/jeremias.fr\/fabricant-conduit-tubage\/app\/uploads\/2022\/09\/image-inauguration-visites-prise-de-paroles-300x196.jpg","medium-width":300,"medium-height":196,"medium_large":"https:\/\/jeremias.fr\/fabricant-conduit-tubage\/app\/uploads\/2022\/09\/image-inauguration-visites-prise-de-paroles.jpg","medium_large-width":542,"medium_large-height":355,"large":"https:\/\/jeremias.fr\/fabricant-conduit-tubage\/app\/uploads\/2022\/09\/image-inauguration-visites-prise-de-paroles.jpg","large-width":542,"large-height":355,"1536x1536":"https:\/\/jeremias.fr\/fabricant-conduit-tubage\/app\/uploads\/2022\/09\/image-inauguration-visites-prise-de-paroles.jpg","1536x1536-width":542,"1536x1536-height":355,"2048x2048":"https:\/\/jeremias.fr\/fabricant-conduit-tubage\/app\/uploads\/2022\/09\/image-inauguration-visites-prise-de-paroles.jpg","2048x2048-width":542,"2048x2048-height":355,"post-thumbnail":"https:\/\/jeremias.fr\/fabricant-conduit-tubage\/app\/uploads\/2022\/09\/image-inauguration-visites-prise-de-paroles.jpg","post-thumbnail-width":542,"post-thumbnail-height":355,"slider":"https:\/\/jeremias.fr\/fabricant-conduit-tubage\/app\/uploads\/2022\/09\/image-inauguration-visites-prise-de-paroles.jpg","slider-width":542,"slider-height":355,"timeline":"https:\/\/jeremias.fr\/fabricant-conduit-tubage\/app\/uploads\/2022\/09\/image-inauguration-visites-prise-de-paroles-399x257.jpg","timeline-width":399,"timeline-height":257}}}]},{"acf_fc_layout":"contenu_texte","texte":"<h1><b>La convivialit\u00e9 au rendez-vous et une \u00e9quipe soud\u00e9e<\/b><\/h1>\n<p>&nbsp;<\/p>\n<p><span style=\"font-weight: 400;\">Pour le premier \u00e9v\u00e9nement au sein de nos locaux, la <strong>contribution<\/strong> de chaque membre de l\u2019\u00e9quipe \u00e9tait indispensable. Et c\u2019est exactement ce qu\u2019il s\u2019est produit ! Nous avons pu compter sur notre team pour accueillir les invit\u00e9s, installer le mobilier \u00e9v\u00e9nementiel, servir les boissons, ou encore contribuer \u00e0 l\u2019animation de la fresque. Ce que nous retenons de toute cette participation est clairement l\u2019<strong>esprit d\u2019\u00e9quipe<\/strong> et la <strong>convivialit\u00e9<\/strong> qui r\u00e9gnaient lors de cette journ\u00e9e. Identifiables par des<strong> polos \u201cTeam Jeremias\u201d<\/strong>, nous avons \u00e9t\u00e9, tous services confondus, amen\u00e9s \u00e0 <strong>rencontrer nos partenaires<\/strong> et nous avons pu mettre en avant notre quotidien.\u00a0<\/span><\/p>\n<p><span style=\"font-weight: 400;\">La mise en valeur de cette ambiance, de nos collaborateurs, permet \u00e0 tous de se rendre compte de ce que nous avons construits tous ensemble. <\/span><span style=\"font-weight: 400;\">Le mot <strong>\u00ab\u00a0\u00c9quipe\u00a0\u00bb<\/strong> fait partie des 4 valeurs que nous v\u00e9hiculons, et nous sommes fiers de l\u2019avoir repr\u00e9sent\u00e9 lors de cet \u00e9v\u00e9nement, <strong>symbole de notre croissance<\/strong>.\u00a0<\/span><\/p>\n<p>&nbsp;<\/p>\n<p style=\"text-align: center;\"><strong>Forts de cette exp\u00e9rience, nous n\u2019oublions pas tous les clients et partenaires que nous n\u2019avons pas pu convier ce jour-l\u00e0. Nous aurions ador\u00e9 pouvoir accueillir tout le monde dans notre environnement et faire d\u00e9couvrir toute l\u2019\u00e9nergie qui r\u00e8gne au sein de nos locaux. Pour autant, nous gardons en t\u00eate l\u2019objectif d\u2019une saison r\u00e9ussie, qui commence d\u00e9j\u00e0 sur les chapeaux de roues, et nous esp\u00e9rons pouvoir partager notre \u00e9volution avec chacun de nos partenaires.<\/strong><\/p>\n"},{"acf_fc_layout":"bloc_images","images":[{"image":{"ID":2420,"id":2420,"title":"Team Jeremias France","filename":"image-inauguration-equipe-jeremias-groupe.jpg","filesize":40175,"url":"https:\/\/jeremias.fr\/fabricant-conduit-tubage\/app\/uploads\/2022\/09\/image-inauguration-equipe-jeremias-groupe.jpg","link":"https:\/\/jeremias.fr\/fabricant-conduit-tubage\/la-revue\/actualites\/evnement-retour-sur-linauguration-de-nos-nouveaux-espaces\/attachment\/image-inauguration-equipe-jeremias-groupe\/","alt":"Team Jeremias France","author":"4","description":"","caption":"","name":"image-inauguration-equipe-jeremias-groupe","status":"inherit","uploaded_to":2408,"date":"2022-09-21 13:07:29","modified":"2022-09-21 13:07:47","menu_order":0,"mime_type":"image\/jpeg","type":"image","subtype":"jpeg","icon":"https:\/\/jeremias.fr\/fabricant-conduit-tubage\/wp\/wp-includes\/images\/media\/default.png","width":542,"height":355,"sizes":{"thumbnail":"https:\/\/jeremias.fr\/fabricant-conduit-tubage\/app\/uploads\/2022\/09\/image-inauguration-equipe-jeremias-groupe.jpg","thumbnail-width":542,"thumbnail-height":355,"medium":"https:\/\/jeremias.fr\/fabricant-conduit-tubage\/app\/uploads\/2022\/09\/image-inauguration-equipe-jeremias-groupe-300x196.jpg","medium-width":300,"medium-height":196,"medium_large":"https:\/\/jeremias.fr\/fabricant-conduit-tubage\/app\/uploads\/2022\/09\/image-inauguration-equipe-jeremias-groupe.jpg","medium_large-width":542,"medium_large-height":355,"large":"https:\/\/jeremias.fr\/fabricant-conduit-tubage\/app\/uploads\/2022\/09\/image-inauguration-equipe-jeremias-groupe.jpg","large-width":542,"large-height":355,"1536x1536":"https:\/\/jeremias.fr\/fabricant-conduit-tubage\/app\/uploads\/2022\/09\/image-inauguration-equipe-jeremias-groupe.jpg","1536x1536-width":542,"1536x1536-height":355,"2048x2048":"https:\/\/jeremias.fr\/fabricant-conduit-tubage\/app\/uploads\/2022\/09\/image-inauguration-equipe-jeremias-groupe.jpg","2048x2048-width":542,"2048x2048-height":355,"post-thumbnail":"https:\/\/jeremias.fr\/fabricant-conduit-tubage\/app\/uploads\/2022\/09\/image-inauguration-equipe-jeremias-groupe.jpg","post-thumbnail-width":542,"post-thumbnail-height":355,"slider":"https:\/\/jeremias.fr\/fabricant-conduit-tubage\/app\/uploads\/2022\/09\/image-inauguration-equipe-jeremias-groupe.jpg","slider-width":542,"slider-height":355,"timeline":"https:\/\/jeremias.fr\/fabricant-conduit-tubage\/app\/uploads\/2022\/09\/image-inauguration-equipe-jeremias-groupe-399x257.jpg","timeline-width":399,"timeline-height":257}}},{"image":{"ID":2419,"id":2419,"title":"Team Jeremias France lors de l'inauguration","filename":"image-inauguration-equipe-jeremias.jpg","filesize":39657,"url":"https:\/\/jeremias.fr\/fabricant-conduit-tubage\/app\/uploads\/2022\/09\/image-inauguration-equipe-jeremias.jpg","link":"https:\/\/jeremias.fr\/fabricant-conduit-tubage\/la-revue\/actualites\/evnement-retour-sur-linauguration-de-nos-nouveaux-espaces\/attachment\/image-inauguration-equipe-jeremias\/","alt":"Team Jeremias France lors de l'inauguration","author":"4","description":"","caption":"","name":"image-inauguration-equipe-jeremias","status":"inherit","uploaded_to":2408,"date":"2022-09-21 13:07:28","modified":"2022-09-21 13:08:01","menu_order":0,"mime_type":"image\/jpeg","type":"image","subtype":"jpeg","icon":"https:\/\/jeremias.fr\/fabricant-conduit-tubage\/wp\/wp-includes\/images\/media\/default.png","width":542,"height":355,"sizes":{"thumbnail":"https:\/\/jeremias.fr\/fabricant-conduit-tubage\/app\/uploads\/2022\/09\/image-inauguration-equipe-jeremias.jpg","thumbnail-width":542,"thumbnail-height":355,"medium":"https:\/\/jeremias.fr\/fabricant-conduit-tubage\/app\/uploads\/2022\/09\/image-inauguration-equipe-jeremias-300x196.jpg","medium-width":300,"medium-height":196,"medium_large":"https:\/\/jeremias.fr\/fabricant-conduit-tubage\/app\/uploads\/2022\/09\/image-inauguration-equipe-jeremias.jpg","medium_large-width":542,"medium_large-height":355,"large":"https:\/\/jeremias.fr\/fabricant-conduit-tubage\/app\/uploads\/2022\/09\/image-inauguration-equipe-jeremias.jpg","large-width":542,"large-height":355,"1536x1536":"https:\/\/jeremias.fr\/fabricant-conduit-tubage\/app\/uploads\/2022\/09\/image-inauguration-equipe-jeremias.jpg","1536x1536-width":542,"1536x1536-height":355,"2048x2048":"https:\/\/jeremias.fr\/fabricant-conduit-tubage\/app\/uploads\/2022\/09\/image-inauguration-equipe-jeremias.jpg","2048x2048-width":542,"2048x2048-height":355,"post-thumbnail":"https:\/\/jeremias.fr\/fabricant-conduit-tubage\/app\/uploads\/2022\/09\/image-inauguration-equipe-jeremias.jpg","post-thumbnail-width":542,"post-thumbnail-height":355,"slider":"https:\/\/jeremias.fr\/fabricant-conduit-tubage\/app\/uploads\/2022\/09\/image-inauguration-equipe-jeremias.jpg","slider-width":542,"slider-height":355,"timeline":"https:\/\/jeremias.fr\/fabricant-conduit-tubage\/app\/uploads\/2022\/09\/image-inauguration-equipe-jeremias-399x257.jpg","timeline-width":399,"timeline-height":257}}}]},{"acf_fc_layout":"contenu_texte","texte":"<p>Vid\u00e9o et photos r\u00e9alis\u00e9es par <a href=\"https:\/\/www.jcsanchez.net\/\" target=\"_blank\" rel=\"noopener\">J.C Sanchez<\/a><\/p>\n"}],"push_articles":[{"ID":2387,"post_author":"4","post_date":"2023-07-03 08:38:01","post_date_gmt":"2023-07-03 06:38:01","post_content":"","post_title":"Jeremias s\u2019engage : l'inclusion en entreprise","post_excerpt":"","post_status":"publish","comment_status":"closed","ping_status":"closed","post_password":"","post_name":"jeremias-sengage-inclusion-entreprise","to_ping":"","pinged":"","post_modified":"2023-07-03 16:54:54","post_modified_gmt":"2023-07-03 14:54:54","post_content_filtered":"","post_parent":0,"guid":"https:\/\/jeremias.fr\/fabricant-conduit-tubage\/?p=2387","menu_order":0,"post_type":"post","post_mime_type":"","comment_count":"0","filter":"raw"},{"ID":561,"post_author":"3","post_date":"2023-06-07 11:47:52","post_date_gmt":"2023-06-07 09:47:52","post_content":"","post_title":"Jeremias s'engage : Des cartons revaloris\u00e9s et utiles","post_excerpt":"D\u00e9couvrez comment Jeremias a trouv\u00e9 LA solution pour optimiser ses d\u00e9chets et r\u00e9duire leur traitement. En route pour une activit\u00e9 \u00e9conomique et responsable !","post_status":"publish","comment_status":"closed","ping_status":"closed","post_password":"","post_name":"jeremias-france-sengage-dans-le-traitement-de-ses-dechets","to_ping":"","pinged":"","post_modified":"2023-11-16 15:08:07","post_modified_gmt":"2023-11-16 14:08:07","post_content_filtered":"","post_parent":0,"guid":"https:\/\/jeremias.fr\/fabricant-conduit-tubage\/?p=561","menu_order":0,"post_type":"post","post_mime_type":"","comment_count":"0","filter":"raw"},{"ID":2375,"post_author":"3","post_date":"2023-09-30 15:49:48","post_date_gmt":"2023-09-30 13:49:48","post_content":"","post_title":"Jeremias s'engage : Propellet, l'avenir du granul\u00e9s de bois","post_excerpt":"La fili\u00e8re pellet a de l'avenir et Propellet \u0153uvre pour que cela se sache. Pourquoi rejoindre le r\u00e9seau ? On vous en parle ici.","post_status":"publish","comment_status":"closed","ping_status":"closed","post_password":"","post_name":"jeremias-propellet-granules","to_ping":"","pinged":"","post_modified":"2023-11-16 15:07:45","post_modified_gmt":"2023-11-16 14:07:45","post_content_filtered":"","post_parent":0,"guid":"https:\/\/jeremias.fr\/fabricant-conduit-tubage\/?p=2375","menu_order":0,"post_type":"post","post_mime_type":"","comment_count":"0","filter":"raw"}],"cta":"Lire plus","utiliser_layout_presta":true,"produits_suggeres":[]},"yoast_head":"<!-- This site is optimized with the Yoast SEO plugin v19.2 - https:\/\/yoast.com\/wordpress\/plugins\/seo\/ -->\n<title>Retour sur notre inauguration - Jeremias France Conduits de fum\u00e9e<\/title>\n<meta name=\"description\" content=\"On vous plonge dans les coulisses de cette inauguration qui \u00e9tait l\u2019occasion pour nous de pr\u00e9senter notre environnement et organisation.\" \/>\n<meta name=\"robots\" content=\"index, follow, max-snippet:-1, max-image-preview:large, max-video-preview:-1\" \/>\n<link rel=\"canonical\" href=\"https:\/\/jeremias.fr\/fabricant-conduit-tubage\/la-revue\/actualites\/evnement-retour-sur-linauguration-de-nos-nouveaux-espaces\/\" \/>\n<meta property=\"og:locale\" content=\"fr_FR\" \/>\n<meta property=\"og:type\" content=\"article\" \/>\n<meta property=\"og:title\" content=\"Retour sur notre inauguration - Jeremias France Conduits de fum\u00e9e\" \/>\n<meta property=\"og:description\" content=\"On vous plonge dans les coulisses de cette inauguration qui \u00e9tait l\u2019occasion pour nous de pr\u00e9senter notre environnement et organisation.\" \/>\n<meta property=\"og:url\" content=\"https:\/\/jeremias.fr\/fabricant-conduit-tubage\/la-revue\/actualites\/evnement-retour-sur-linauguration-de-nos-nouveaux-espaces\/\" \/>\n<meta property=\"og:site_name\" content=\"Jeremias\" \/>\n<meta property=\"article:published_time\" content=\"2022-09-22T06:48:55+00:00\" \/>\n<meta property=\"article:modified_time\" content=\"2023-06-23T08:14:20+00:00\" \/>\n<meta property=\"og:image\" content=\"https:\/\/jeremias.fr\/fabricant-conduit-tubage\/app\/uploads\/2022\/09\/image-inauguration-batiment-jeremias.jpg\" \/>\n\t<meta property=\"og:image:width\" content=\"542\" \/>\n\t<meta property=\"og:image:height\" content=\"355\" \/>\n\t<meta property=\"og:image:type\" content=\"image\/jpeg\" \/>\n<meta name=\"author\" content=\"Eva Aristhene\" \/>\n<meta name=\"twitter:card\" content=\"summary_large_image\" \/>\n<script type=\"application\/ld+json\" class=\"yoast-schema-graph\">{\"@context\":\"https:\/\/schema.org\",\"@graph\":[{\"@type\":\"WebSite\",\"@id\":\"https:\/\/jeremias.fr\/fabricant-conduit-tubage\/#website\",\"url\":\"https:\/\/jeremias.fr\/fabricant-conduit-tubage\/\",\"name\":\"Jeremias\",\"description\":\"Conduits de fum\u00e9e\",\"potentialAction\":[{\"@type\":\"SearchAction\",\"target\":{\"@type\":\"EntryPoint\",\"urlTemplate\":\"https:\/\/jeremias.fr\/fabricant-conduit-tubage\/?s={search_term_string}\"},\"query-input\":\"required name=search_term_string\"}],\"inLanguage\":\"fr-FR\"},{\"@type\":\"ImageObject\",\"inLanguage\":\"fr-FR\",\"@id\":\"https:\/\/jeremias.fr\/fabricant-conduit-tubage\/la-revue\/actualites\/evnement-retour-sur-linauguration-de-nos-nouveaux-espaces\/#primaryimage\",\"url\":\"https:\/\/jeremias.fr\/fabricant-conduit-tubage\/app\/uploads\/2022\/09\/image-inauguration-batiment-jeremias.jpg\",\"contentUrl\":\"https:\/\/jeremias.fr\/fabricant-conduit-tubage\/app\/uploads\/2022\/09\/image-inauguration-batiment-jeremias.jpg\",\"width\":542,\"height\":355,\"caption\":\"B\u00e2timent du si\u00e8ge Jeremias France - Lyon\"},{\"@type\":\"WebPage\",\"@id\":\"https:\/\/jeremias.fr\/fabricant-conduit-tubage\/la-revue\/actualites\/evnement-retour-sur-linauguration-de-nos-nouveaux-espaces\/#webpage\",\"url\":\"https:\/\/jeremias.fr\/fabricant-conduit-tubage\/la-revue\/actualites\/evnement-retour-sur-linauguration-de-nos-nouveaux-espaces\/\",\"name\":\"Retour sur notre inauguration - Jeremias France Conduits de fum\u00e9e\",\"isPartOf\":{\"@id\":\"https:\/\/jeremias.fr\/fabricant-conduit-tubage\/#website\"},\"primaryImageOfPage\":{\"@id\":\"https:\/\/jeremias.fr\/fabricant-conduit-tubage\/la-revue\/actualites\/evnement-retour-sur-linauguration-de-nos-nouveaux-espaces\/#primaryimage\"},\"datePublished\":\"2022-09-22T06:48:55+00:00\",\"dateModified\":\"2023-06-23T08:14:20+00:00\",\"author\":{\"@id\":\"https:\/\/jeremias.fr\/fabricant-conduit-tubage\/#\/schema\/person\/2518c1fa4589388d2bab7ed32a876fbc\"},\"description\":\"On vous plonge dans les coulisses de cette inauguration qui \u00e9tait l\u2019occasion pour nous de pr\u00e9senter notre environnement et organisation.\",\"breadcrumb\":{\"@id\":\"https:\/\/jeremias.fr\/fabricant-conduit-tubage\/la-revue\/actualites\/evnement-retour-sur-linauguration-de-nos-nouveaux-espaces\/#breadcrumb\"},\"inLanguage\":\"fr-FR\",\"potentialAction\":[{\"@type\":\"ReadAction\",\"target\":[\"https:\/\/jeremias.fr\/fabricant-conduit-tubage\/la-revue\/actualites\/evnement-retour-sur-linauguration-de-nos-nouveaux-espaces\/\"]}]},{\"@type\":\"BreadcrumbList\",\"@id\":\"https:\/\/jeremias.fr\/fabricant-conduit-tubage\/la-revue\/actualites\/evnement-retour-sur-linauguration-de-nos-nouveaux-espaces\/#breadcrumb\",\"itemListElement\":[{\"@type\":\"ListItem\",\"position\":1,\"name\":\"Home\",\"item\":\"https:\/\/jeremias.fr\/fabricant-conduit-tubage\/\"},{\"@type\":\"ListItem\",\"position\":2,\"name\":\"[\u00c9V\u00c9NEMENT] Retour sur l&rsquo;inauguration de nos nouveaux espaces\"}]},{\"@type\":\"Person\",\"@id\":\"https:\/\/jeremias.fr\/fabricant-conduit-tubage\/#\/schema\/person\/2518c1fa4589388d2bab7ed32a876fbc\",\"name\":\"Eva Aristhene\",\"image\":{\"@type\":\"ImageObject\",\"inLanguage\":\"fr-FR\",\"@id\":\"https:\/\/jeremias.fr\/fabricant-conduit-tubage\/#\/schema\/person\/image\/\",\"url\":\"https:\/\/secure.gravatar.com\/avatar\/e343496645205962ea96d224272593c0?s=96&d=mm&r=g\",\"contentUrl\":\"https:\/\/secure.gravatar.com\/avatar\/e343496645205962ea96d224272593c0?s=96&d=mm&r=g\",\"caption\":\"Eva Aristhene\"},\"url\":\"https:\/\/jeremias.fr\/fabricant-conduit-tubage\/la-revue\/author\/eva-aristhenejeremias-france-fr\/\"}]}<\/script>\n<!-- \/ Yoast SEO plugin. -->","yoast_head_json":{"title":"Retour sur notre inauguration - Jeremias France Conduits de fum\u00e9e","description":"On vous plonge dans les coulisses de cette inauguration qui \u00e9tait l\u2019occasion pour nous de pr\u00e9senter notre environnement et organisation.","robots":{"index":"index","follow":"follow","max-snippet":"max-snippet:-1","max-image-preview":"max-image-preview:large","max-video-preview":"max-video-preview:-1"},"canonical":"https:\/\/jeremias.fr\/fabricant-conduit-tubage\/la-revue\/actualites\/evnement-retour-sur-linauguration-de-nos-nouveaux-espaces\/","og_locale":"fr_FR","og_type":"article","og_title":"Retour sur notre inauguration - Jeremias France Conduits de fum\u00e9e","og_description":"On vous plonge dans les coulisses de cette inauguration qui \u00e9tait l\u2019occasion pour nous de pr\u00e9senter notre environnement et organisation.","og_url":"https:\/\/jeremias.fr\/fabricant-conduit-tubage\/la-revue\/actualites\/evnement-retour-sur-linauguration-de-nos-nouveaux-espaces\/","og_site_name":"Jeremias","article_published_time":"2022-09-22T06:48:55+00:00","article_modified_time":"2023-06-23T08:14:20+00:00","og_image":[{"width":542,"height":355,"url":"https:\/\/jeremias.fr\/fabricant-conduit-tubage\/app\/uploads\/2022\/09\/image-inauguration-batiment-jeremias.jpg","type":"image\/jpeg"}],"author":"Eva Aristhene","twitter_card":"summary_large_image","schema":{"@context":"https:\/\/schema.org","@graph":[{"@type":"WebSite","@id":"https:\/\/jeremias.fr\/fabricant-conduit-tubage\/#website","url":"https:\/\/jeremias.fr\/fabricant-conduit-tubage\/","name":"Jeremias","description":"Conduits de fum\u00e9e","potentialAction":[{"@type":"SearchAction","target":{"@type":"EntryPoint","urlTemplate":"https:\/\/jeremias.fr\/fabricant-conduit-tubage\/?s={search_term_string}"},"query-input":"required name=search_term_string"}],"inLanguage":"fr-FR"},{"@type":"ImageObject","inLanguage":"fr-FR","@id":"https:\/\/jeremias.fr\/fabricant-conduit-tubage\/la-revue\/actualites\/evnement-retour-sur-linauguration-de-nos-nouveaux-espaces\/#primaryimage","url":"https:\/\/jeremias.fr\/fabricant-conduit-tubage\/app\/uploads\/2022\/09\/image-inauguration-batiment-jeremias.jpg","contentUrl":"https:\/\/jeremias.fr\/fabricant-conduit-tubage\/app\/uploads\/2022\/09\/image-inauguration-batiment-jeremias.jpg","width":542,"height":355,"caption":"B\u00e2timent du si\u00e8ge Jeremias France - Lyon"},{"@type":"WebPage","@id":"https:\/\/jeremias.fr\/fabricant-conduit-tubage\/la-revue\/actualites\/evnement-retour-sur-linauguration-de-nos-nouveaux-espaces\/#webpage","url":"https:\/\/jeremias.fr\/fabricant-conduit-tubage\/la-revue\/actualites\/evnement-retour-sur-linauguration-de-nos-nouveaux-espaces\/","name":"Retour sur notre inauguration - Jeremias France Conduits de fum\u00e9e","isPartOf":{"@id":"https:\/\/jeremias.fr\/fabricant-conduit-tubage\/#website"},"primaryImageOfPage":{"@id":"https:\/\/jeremias.fr\/fabricant-conduit-tubage\/la-revue\/actualites\/evnement-retour-sur-linauguration-de-nos-nouveaux-espaces\/#primaryimage"},"datePublished":"2022-09-22T06:48:55+00:00","dateModified":"2023-06-23T08:14:20+00:00","author":{"@id":"https:\/\/jeremias.fr\/fabricant-conduit-tubage\/#\/schema\/person\/2518c1fa4589388d2bab7ed32a876fbc"},"description":"On vous plonge dans les coulisses de cette inauguration qui \u00e9tait l\u2019occasion pour nous de pr\u00e9senter notre environnement et organisation.","breadcrumb":{"@id":"https:\/\/jeremias.fr\/fabricant-conduit-tubage\/la-revue\/actualites\/evnement-retour-sur-linauguration-de-nos-nouveaux-espaces\/#breadcrumb"},"inLanguage":"fr-FR","potentialAction":[{"@type":"ReadAction","target":["https:\/\/jeremias.fr\/fabricant-conduit-tubage\/la-revue\/actualites\/evnement-retour-sur-linauguration-de-nos-nouveaux-espaces\/"]}]},{"@type":"BreadcrumbList","@id":"https:\/\/jeremias.fr\/fabricant-conduit-tubage\/la-revue\/actualites\/evnement-retour-sur-linauguration-de-nos-nouveaux-espaces\/#breadcrumb","itemListElement":[{"@type":"ListItem","position":1,"name":"Home","item":"https:\/\/jeremias.fr\/fabricant-conduit-tubage\/"},{"@type":"ListItem","position":2,"name":"[\u00c9V\u00c9NEMENT] Retour sur l&rsquo;inauguration de nos nouveaux espaces"}]},{"@type":"Person","@id":"https:\/\/jeremias.fr\/fabricant-conduit-tubage\/#\/schema\/person\/2518c1fa4589388d2bab7ed32a876fbc","name":"Eva Aristhene","image":{"@type":"ImageObject","inLanguage":"fr-FR","@id":"https:\/\/jeremias.fr\/fabricant-conduit-tubage\/#\/schema\/person\/image\/","url":"https:\/\/secure.gravatar.com\/avatar\/e343496645205962ea96d224272593c0?s=96&d=mm&r=g","contentUrl":"https:\/\/secure.gravatar.com\/avatar\/e343496645205962ea96d224272593c0?s=96&d=mm&r=g","caption":"Eva Aristhene"},"url":"https:\/\/jeremias.fr\/fabricant-conduit-tubage\/la-revue\/author\/eva-aristhenejeremias-france-fr\/"}]}},"formatted_date":"22 septembre 2022","_links":{"self":[{"href":"https:\/\/jeremias.fr\/fabricant-conduit-tubage\/wp-json\/wp\/v2\/posts\/2408"}],"collection":[{"href":"https:\/\/jeremias.fr\/fabricant-conduit-tubage\/wp-json\/wp\/v2\/posts"}],"about":[{"href":"https:\/\/jeremias.fr\/fabricant-conduit-tubage\/wp-json\/wp\/v2\/types\/post"}],"author":[{"embeddable":true,"href":"https:\/\/jeremias.fr\/fabricant-conduit-tubage\/wp-json\/wp\/v2\/users\/4"}],"replies":[{"embeddable":true,"href":"https:\/\/jeremias.fr\/fabricant-conduit-tubage\/wp-json\/wp\/v2\/comments?post=2408"}],"version-history":[{"count":7,"href":"https:\/\/jeremias.fr\/fabricant-conduit-tubage\/wp-json\/wp\/v2\/posts\/2408\/revisions"}],"predecessor-version":[{"id":2567,"href":"https:\/\/jeremias.fr\/fabricant-conduit-tubage\/wp-json\/wp\/v2\/posts\/2408\/revisions\/2567"}],"wp:featuredmedia":[{"embeddable":true,"href":"https:\/\/jeremias.fr\/fabricant-conduit-tubage\/wp-json\/wp\/v2\/media\/2424"}],"wp:attachment":[{"href":"https:\/\/jeremias.fr\/fabricant-conduit-tubage\/wp-json\/wp\/v2\/media?parent=2408"}],"wp:term":[{"taxonomy":"category","embeddable":true,"href":"https:\/\/jeremias.fr\/fabricant-conduit-tubage\/wp-json\/wp\/v2\/categories?post=2408"},{"taxonomy":"post_tag","embeddable":true,"href":"https:\/\/jeremias.fr\/fabricant-conduit-tubage\/wp-json\/wp\/v2\/tags?post=2408"}],"curies":[{"name":"wp","href":"https:\/\/api.w.org\/{rel}","templated":true}]}}