{"id":2272,"date":"2023-07-26T11:48:26","date_gmt":"2023-07-26T09:48:26","guid":{"rendered":"https:\/\/jeremias.fr\/fabricant-conduit-tubage\/?p=2272"},"modified":"2023-08-22T15:18:49","modified_gmt":"2023-08-22T13:18:49","slug":"maprimerenov-actualites-objectifs-demarches","status":"publish","type":"post","link":"https:\/\/jeremias.fr\/fabricant-conduit-tubage\/la-revue\/actualites\/maprimerenov-actualites-objectifs-demarches\/","title":{"rendered":"MaPrimeR\u00e9nov\u2019 : actualit\u00e9s, objectifs et d\u00e9marches"},"content":{"rendered":"","protected":false},"excerpt":{"rendered":"<p>Jeremias France et ses conduits de fum\u00e9es s\u2019int\u00e8grent au sein du march\u00e9 de la transition \u00e9nerg\u00e9tique. Pour vous, installateurs de solutions de chauffage, nous faisons le point sur la premi\u00e8re aide \u00e0 la r\u00e9novation d\u00e9di\u00e9e \u00e0 vos clients : MaPrimeR\u00e9nov\u2019.<\/p>\n","protected":false},"author":4,"featured_media":2622,"comment_status":"closed","ping_status":"closed","sticky":false,"template":"","format":"standard","meta":{"inline_featured_image":false},"categories":[11],"tags":[],"acf":{"temps_de_lecture":"02","introduction":"<p>Jeremias France et ses conduits de fum\u00e9es s\u2019int\u00e8grent au sein du march\u00e9 de la transition \u00e9nerg\u00e9tique. Pour vous, installateurs de solutions de chauffage, nous faisons le point sur la premi\u00e8re aide \u00e0 la r\u00e9novation d\u00e9di\u00e9e \u00e0 vos clients : MaPrimeR\u00e9nov\u2019.<\/p>\n","blocs":[{"acf_fc_layout":"bloc_images","images":[{"image":{"ID":2622,"id":2622,"title":"blog-actualites-jeremias-france-maprimerenov","filename":"blog-actualites-jeremias-france-maprimerenov.jpg","filesize":26734,"url":"https:\/\/jeremias.fr\/fabricant-conduit-tubage\/app\/uploads\/2022\/03\/blog-actualites-jeremias-france-maprimerenov.jpg","link":"https:\/\/jeremias.fr\/fabricant-conduit-tubage\/la-revue\/actualites\/maprimerenov-actualites-objectifs-demarches\/attachment\/blog-actualites-jeremias-france-maprimerenov\/","alt":"blog-actualites-jeremias-france-maprimerenov","author":"4","description":"","caption":"","name":"blog-actualites-jeremias-france-maprimerenov","status":"inherit","uploaded_to":2272,"date":"2023-07-26 11:52:02","modified":"2023-07-26 11:52:06","menu_order":0,"mime_type":"image\/jpeg","type":"image","subtype":"jpeg","icon":"https:\/\/jeremias.fr\/fabricant-conduit-tubage\/wp\/wp-includes\/images\/media\/default.png","width":542,"height":355,"sizes":{"thumbnail":"https:\/\/jeremias.fr\/fabricant-conduit-tubage\/app\/uploads\/2022\/03\/blog-actualites-jeremias-france-maprimerenov.jpg","thumbnail-width":542,"thumbnail-height":355,"medium":"https:\/\/jeremias.fr\/fabricant-conduit-tubage\/app\/uploads\/2022\/03\/blog-actualites-jeremias-france-maprimerenov-300x196.jpg","medium-width":300,"medium-height":196,"medium_large":"https:\/\/jeremias.fr\/fabricant-conduit-tubage\/app\/uploads\/2022\/03\/blog-actualites-jeremias-france-maprimerenov.jpg","medium_large-width":542,"medium_large-height":355,"large":"https:\/\/jeremias.fr\/fabricant-conduit-tubage\/app\/uploads\/2022\/03\/blog-actualites-jeremias-france-maprimerenov.jpg","large-width":542,"large-height":355,"1536x1536":"https:\/\/jeremias.fr\/fabricant-conduit-tubage\/app\/uploads\/2022\/03\/blog-actualites-jeremias-france-maprimerenov.jpg","1536x1536-width":542,"1536x1536-height":355,"2048x2048":"https:\/\/jeremias.fr\/fabricant-conduit-tubage\/app\/uploads\/2022\/03\/blog-actualites-jeremias-france-maprimerenov.jpg","2048x2048-width":542,"2048x2048-height":355,"post-thumbnail":"https:\/\/jeremias.fr\/fabricant-conduit-tubage\/app\/uploads\/2022\/03\/blog-actualites-jeremias-france-maprimerenov.jpg","post-thumbnail-width":542,"post-thumbnail-height":355,"slider":"https:\/\/jeremias.fr\/fabricant-conduit-tubage\/app\/uploads\/2022\/03\/blog-actualites-jeremias-france-maprimerenov.jpg","slider-width":542,"slider-height":355,"timeline":"https:\/\/jeremias.fr\/fabricant-conduit-tubage\/app\/uploads\/2022\/03\/blog-actualites-jeremias-france-maprimerenov-399x257.jpg","timeline-width":399,"timeline-height":257}}}]},{"acf_fc_layout":"contenu_texte","texte":"<h2>Les actualit\u00e9s MaPrimeR\u00e9nov&rsquo;<\/h2>\n<p><span style=\"font-weight: 400;\">Il y a quelques jours, mercredi 12 juillet, a eu lieu le Conseil national de la Transition \u00e9cologique. \u00c0 cette occasion, Elisabeth Borne, premi\u00e8re ministre, annonce une <strong>hausse du budget<\/strong> allou\u00e9 au <strong>dispositif MaPrimeR\u00e9nov\u2019<\/strong> : une <strong>augmentation de 66%<\/strong>, soit 1,6 milliard d\u2019euros suppl\u00e9mentaires engag\u00e9s par l\u2019Etat.\u00a0<\/span><\/p>\n<p><span style=\"font-weight: 400;\">Ce budget s\u2019inscrit dans une d\u00e9marche globale dont l\u2019objectif, pour la France, est d\u2019<strong>atteindre une r\u00e9duction de 50% des \u00e9missions de gaz \u00e0 effet de serre d\u2019ici 2030<\/strong> (en comparaison avec le niveau de 1990) et ce n\u2019est pas un chiffre sorti du chapeau ! Le but est de r\u00e9pondre aux nouvelles instructions de l\u2019Union Europ\u00e9enne, annonc\u00e9es d\u00e9but juillet, pour agir concr\u00e8tement sur l\u2019urgence climatique.\u00a0<\/span><\/p>\n<p><span style=\"font-weight: 400;\">Pour r\u00e9pondre de mani\u00e8re plus efficace \u00e0 ces objectifs mais aussi pour <strong>faciliter le travail des des installateurs<\/strong>, les probl\u00e9matiques de gestion ont \u00e9t\u00e9 soulev\u00e9es. Des solutions vont \u00eatre mises en place, notamment au niveau de la plateforme et de ses dysfonctionnements.<\/span><\/p>\n<p>&nbsp;<\/p>\n<h2>Contexte et objectifs de la prime<\/h2>\n<p><span style=\"font-weight: 400;\">Devenue un dispositif phare, cette aide est propos\u00e9e aux particuliers pour les accompagner vers une <strong>transition \u00e9nerg\u00e9tique vertueuse<\/strong> de leur logement :\u00a0<\/span><\/p>\n<ul>\n<li style=\"font-weight: 400;\" aria-level=\"1\"><span style=\"font-weight: 400;\">D\u00e9di\u00e9e aux propri\u00e9taires qui r\u00e9alisent des <strong>travaux de r\u00e9novation \u00e9nerg\u00e9tique <\/strong>(chauffage \u00e0 \u00e9nergies renouvelables y compris),<\/span><\/li>\n<li style=\"font-weight: 400;\" aria-level=\"1\"><span style=\"font-weight: 400;\"><strong>Montant forfaitaire<\/strong> calcul\u00e9 en fonction des revenus, du profil du foyer, de sa composition et du gain \u00e9cologique des travaux,<\/span><\/li>\n<li style=\"font-weight: 400;\" aria-level=\"1\"><span style=\"font-weight: 400;\"><strong>Cumulable<\/strong> avec d\u2019autres dispositifs de soutien,<\/span><\/li>\n<li style=\"font-weight: 400;\" aria-level=\"1\"><span style=\"font-weight: 400;\"><strong>Vers\u00e9e en une fois<\/strong>, d\u00e8s la fin des travaux.\u00a0<\/span><\/li>\n<\/ul>\n<p><span style=\"font-weight: 400;\">Depuis sa cr\u00e9ation en 2020, beaucoup de <strong>ses conditions ont \u00e9volu\u00e9<\/strong> pour s\u2019adapter au march\u00e9 mais aussi au contexte climatique de plus en plus pr\u00e9occupant. En effet, acc\u00e9l\u00e9rer la r\u00e9novation \u00e9nerg\u00e9tique des logements individuels ne suffisait plus, il fallait pouvoir toucher plus largement les foyers, qu\u2019ils soient propri\u00e9taires ou locataires.<\/span><\/p>\n<p><span style=\"font-weight: 400;\"><strong>Les d\u00e9marches ont elles aussi subi plusieurs changements<\/strong>. Plateforme actualis\u00e9e, cr\u00e9ation de programmes connexes sp\u00e9cialis\u00e9s, gestion administrative all\u00e9g\u00e9e, multiplication des professionnels agr\u00e9\u00e9s, contr\u00f4le approfondis des travaux,&#8230;\u00a0<\/span><\/p>\n<p><span style=\"font-weight: 400;\">Aujourd\u2019hui, plus de 1,5 millions de fran\u00e7ais ont \u00e9t\u00e9 b\u00e9n\u00e9ficiaires, pour plus de 5,6 milliards d\u2019euros.<\/span><\/p>\n<p>&nbsp;<\/p>\n<p><strong>L\u2019int\u00e9r\u00eat pour les clients finaux peut prendre plusieurs formes\u00a0 :\u00a0<\/strong><\/p>\n<ul>\n<li style=\"font-weight: 400;\" aria-level=\"1\"><span style=\"font-weight: 400;\"><strong>Confort<\/strong> &#8211; l\u2019am\u00e9lioration du logement contre le froid, l\u2019humidit\u00e9, la canicule,<\/span><\/li>\n<li style=\"font-weight: 400;\" aria-level=\"1\"><span style=\"font-weight: 400;\"><strong>\u00c9conomie<\/strong> &#8211; all\u00e8gement des factures de chauffage mais aussi de celles des travaux (appareils \u00e0 <a href=\"https:\/\/jeremias.fr\/raccordement-poele-vitro-bois\" target=\"_blank\" rel=\"noopener\">bois<\/a> ou \u00e0 <a href=\"https:\/\/jeremias.fr\/conduit-concentrique-twin-biomass-poele-noir\" target=\"_blank\" rel=\"noopener\">granul\u00e9s<\/a>, par exemple),<\/span><\/li>\n<li style=\"font-weight: 400;\" aria-level=\"1\"><span style=\"font-weight: 400;\"><strong>\u00c9cologie et soci\u00e9t\u00e9<\/strong> &#8211; participation \u00e0 l\u2019effort collectif pour lutter contre les passoires thermiques et les logements insalubres.<\/span><\/li>\n<\/ul>\n<h2>Les conditions et d\u00e9marches pour vos clients<\/h2>\n<p><span style=\"font-weight: 400;\">Les conditions d&rsquo;\u00e9ligibilit\u00e9 \u00e9largies, elles sont devenues plus simples et touchent maintenant un maximum de profils :<\/span><\/p>\n<ul>\n<li style=\"font-weight: 400;\" aria-level=\"1\"><span style=\"font-weight: 400;\">Propri\u00e9taires occupants,<\/span><\/li>\n<li style=\"font-weight: 400;\" aria-level=\"1\"><span style=\"font-weight: 400;\">Propri\u00e9taires bailleurs,<\/span><\/li>\n<li style=\"font-weight: 400;\" aria-level=\"1\"><span style=\"font-weight: 400;\">Copropri\u00e9taires.<\/span><\/li>\n<\/ul>\n<p><span style=\"font-weight: 400;\">Si vous \u00eates <strong>installateurs chauffagistes agr\u00e9\u00e9s<\/strong> et que vous avez r\u00e9guli\u00e8rement affaire \u00e0 des clients b\u00e9n\u00e9ficiant de l\u2019aide, voici <strong>les \u00e9tapes<\/strong> \u00e0 leur communiquer pour les accompagner et \u00eatre source d\u2019informations.\u00a0<\/span><\/p>\n<p>&nbsp;<\/p>\n<ol>\n<li style=\"list-style-type: none;\">\n<ol>\n<li style=\"font-weight: 400;\" aria-level=\"1\"><span style=\"font-weight: 400;\">Avant de d\u00e9marrer toute d\u00e9marche, rep\u00e9rez avec vos clients <strong>leur profil<\/strong>,<\/span><\/li>\n<li style=\"font-weight: 400;\" aria-level=\"1\"><span style=\"font-weight: 400;\">V\u00e9rifiez alors <strong>les aides<\/strong> auxquelles ils auront droits, en fonction de leur bar\u00e8me (tranche bleu, jaune, violet ou rose)<\/span><\/li>\n<li style=\"font-weight: 400;\" aria-level=\"1\"><span style=\"font-weight: 400;\">C\u2019est maintenant \u00e0 lui de <strong>cr\u00e9er son compte<\/strong> sur <\/span><a href=\"http:\/\/www.maprimerenov.gouv.fr\" target=\"_blank\" rel=\"noopener\"><span style=\"font-weight: 400;\">www.maprimerenov.gouv.fr<\/span><\/a><span style=\"font-weight: 400;\"> et de d\u00e9poser sa demande avec les devis,\u00a0<\/span><\/li>\n<li style=\"font-weight: 400;\" aria-level=\"1\"><span style=\"font-weight: 400;\">Il re\u00e7oit par mail la <strong>confirmation d\u2019attribution<\/strong> et <strong>le montant pr\u00e9visionnel<\/strong> de l\u2019aide forfaitaire,<\/span><\/li>\n<li style=\"font-weight: 400;\" aria-level=\"1\"><span style=\"font-weight: 400;\">Vous<strong> r\u00e9alisez ses travaux<\/strong> et lui fournissez les factures,\u00a0<\/span><\/li>\n<li style=\"font-weight: 400;\" aria-level=\"1\"><span style=\"font-weight: 400;\">Il d\u00e9pose alors ces documents sur son espace personnel et demande <strong>le solde de sa prime<\/strong>,\u00a0<\/span><\/li>\n<li style=\"font-weight: 400;\" aria-level=\"1\"><span style=\"font-weight: 400;\">Il per\u00e7oit le <strong>versement d\u00e9finitif<\/strong> et peut donc vous r\u00e9gler enti\u00e8rement.\u00a0<\/span><\/li>\n<\/ol>\n<\/li>\n<\/ol>\n<p>&nbsp;<\/p>\n<p>Tous les d\u00e9tails de la d\u00e9marche sur <a href=\"https:\/\/www.ecologie.gouv.fr\/sites\/default\/files\/19164_maPrimeRenov_DP_Janvier%202021.pdf\" target=\"_blank\" rel=\"noopener\">le document officiel<\/a> !<\/p>\n<p>&nbsp;<\/p>\n<p><span style=\"font-weight: 400;\"><span style=\"text-decoration: underline;\">\u00c0 savoir :<\/span>\u00a0<\/span><\/p>\n<ul>\n<li style=\"font-weight: 400;\" aria-level=\"1\"><span style=\"font-weight: 400;\">La priorit\u00e9 est \u00e0 l\u2019<strong>\u00e9radication des passoires thermiques<\/strong>, donc les r\u00e9novations de logements \u00e9tiquette \u00e9nergie F ou G. Les ajustements pr\u00e9voient un encouragement plus important des <strong>r\u00e9novations globales<\/strong> pour r\u00e9compenser les m\u00e9nages allant au bout du parcours. L\u2019ambition : atteindre <strong>200 000 r\u00e9novations globales<\/strong> contre 90 000 aujourd\u2019hui.<\/span><\/li>\n<li style=\"font-weight: 400;\" aria-level=\"1\"><span style=\"font-weight: 400;\">Il est maintenant possible pour vos clients de <strong>se faire accompagner<\/strong> par un sp\u00e9cialiste de mani\u00e8re personnalis\u00e9e. L\u2019id\u00e9e est de les aider \u00e0 trouver les solutions \u00e9nerg\u00e9tiques les plus adapt\u00e9es \u00e0 leur logement (voir l\u2019article sur <a href=\"https:\/\/jeremias.fr\/fabricant-conduit-tubage\/la-revue\/actualites\/dispositif-france-renov-un-reseau-dinformations-centralisees-pour-vos-clients\/\" target=\"_blank\" rel=\"noopener\">le dispositif FranceR\u00e9nov<\/a>) mais aussi sur les subventions \u00e0 demander en fonction de leur situation.\u00a0<\/span><\/li>\n<li style=\"font-weight: 400;\" aria-level=\"1\"><span style=\"font-weight: 400;\">Les <strong>d\u00e9marches administratives<\/strong> peuvent \u00eatre confi\u00e9es \u00e0 <strong>un tiers<\/strong>, il devient alors mandataire. Cela peut \u00eatre utile dans le cas o\u00f9 vous d\u00e9cidiez de <strong>proposer ce service<\/strong> \u00e0 vos clients.\u00a0<\/span><\/li>\n<\/ul>\n<p>&nbsp;<\/p>\n<p>___________________________________________________________________________________________________________________________________________________________________________<\/p>\n<p>&nbsp;<\/p>\n<h3 style=\"text-align: center;\"><strong>Jeremias France, fournisseur de conduits de fum\u00e9e, s&rsquo;engage \u00e9galement aupr\u00e8s des professionnels <\/strong><\/h3>\n<h3 style=\"text-align: center;\"><strong>pour les accompagner dans leurs prises de d\u00e9cision.<\/strong><\/h3>\n<p><a href=\"https:\/\/jeremias.fr\/connexion?create_account=1?\" target=\"_blank\" rel=\"noopener\"><img loading=\"lazy\" class=\"aligncenter wp-image-2040\" src=\"https:\/\/jeremias.fr\/fabricant-conduit-tubage\/app\/uploads\/2021\/11\/cta-inscription.png\" alt=\"Cr\u00e9ation de votre espace personnel Jeremias\" width=\"560\" height=\"168\" srcset=\"https:\/\/jeremias.fr\/fabricant-conduit-tubage\/app\/uploads\/2021\/11\/cta-inscription.png 1000w, https:\/\/jeremias.fr\/fabricant-conduit-tubage\/app\/uploads\/2021\/11\/cta-inscription-300x90.png 300w, https:\/\/jeremias.fr\/fabricant-conduit-tubage\/app\/uploads\/2021\/11\/cta-inscription-768x230.png 768w\" sizes=\"(max-width: 560px) 100vw, 560px\" \/><\/a><\/p>\n<p>___________________________________________________________________________________________________________________________________________________________________________<\/p>\n"}],"push_articles":[{"ID":2103,"post_author":"4","post_date":"2023-12-17 09:35:11","post_date_gmt":"2023-12-17 08:35:11","post_content":"","post_title":"Chauffage au granul\u00e9 de bois : une \u00e9nergie d'origine recycl\u00e9e","post_excerpt":"Malgr\u00e9 ce qui peut se dire, le granul\u00e9 de bois est bien issu \u00e0 100% des coproduits de l\u2019industrie du bois. On vous explique comment et pourquoi ce combustible est bel et bien une \u00e9nergie d\u2019origine recycl\u00e9e.","post_status":"publish","comment_status":"closed","ping_status":"closed","post_password":"","post_name":"idees-recues-granule-1-le-granule-nest-pas-issu-du-recyclage","to_ping":"","pinged":"","post_modified":"2024-04-03 14:34:35","post_modified_gmt":"2024-04-03 12:34:35","post_content_filtered":"","post_parent":0,"guid":"https:\/\/jeremias.fr\/fabricant-conduit-tubage\/?p=2103","menu_order":0,"post_type":"post","post_mime_type":"","comment_count":"0","filter":"raw"},{"ID":2112,"post_author":"4","post_date":"2023-12-17 09:34:36","post_date_gmt":"2023-12-17 08:34:36","post_content":"","post_title":"Chauffage au granul\u00e9 de bois : rendement et prix comp\u00e9titifs","post_excerpt":"Le prix du granul\u00e9 est encore bien pr\u00e9sent dans les d\u00e9bats. Pourtant, il reste tr\u00e8s comp\u00e9titif, au m\u00eame tarif qu\u2019une \u00e9nergie classique.","post_status":"publish","comment_status":"closed","ping_status":"closed","post_password":"","post_name":"idees-recues-granule-2-le-chauffage-au-granule-cest-plus-cher","to_ping":"","pinged":"","post_modified":"2024-04-03 15:06:24","post_modified_gmt":"2024-04-03 13:06:24","post_content_filtered":"","post_parent":0,"guid":"https:\/\/jeremias.fr\/fabricant-conduit-tubage\/?p=2112","menu_order":0,"post_type":"post","post_mime_type":"","comment_count":"0","filter":"raw"},{"ID":2120,"post_author":"4","post_date":"2023-12-17 09:28:25","post_date_gmt":"2023-12-17 08:28:25","post_content":"","post_title":"Chauffage au granul\u00e9 de bois : une \u00e9nergie \u00e9cologique","post_excerpt":"La neutralit\u00e9 carbone du chauffage au bois est souvent remise en question alors qu'en r\u00e9alit\u00e9, la croyance le qualifiant de pollueur est d\u00e9pass\u00e9e.","post_status":"publish","comment_status":"closed","ping_status":"closed","post_password":"","post_name":"idees-recues-granule-3-finalement-le-granule-ce-nest-pas-tres-ecologique","to_ping":"","pinged":"","post_modified":"2024-04-03 15:09:48","post_modified_gmt":"2024-04-03 13:09:48","post_content_filtered":"","post_parent":0,"guid":"https:\/\/jeremias.fr\/fabricant-conduit-tubage\/?p=2120","menu_order":0,"post_type":"post","post_mime_type":"","comment_count":"0","filter":"raw"}],"cta":"Lire plus","utiliser_layout_presta":true,"produits_suggeres":["442","918","466"]},"yoast_head":"<!-- This site is optimized with the Yoast SEO plugin v19.2 - https:\/\/yoast.com\/wordpress\/plugins\/seo\/ -->\n<title>Le point sur MaPrimeR\u00e9nov&#039; - Jeremias Conduits de fum\u00e9e<\/title>\n<meta name=\"description\" content=\"Jeremias conduits de fum\u00e9e s\u2019int\u00e8gre au sein du march\u00e9 de la transition \u00e9nerg\u00e9tique. Pour vous, nous faisons le point sur MaPrimeR\u00e9nov\u2019.\" \/>\n<meta name=\"robots\" content=\"index, follow, max-snippet:-1, max-image-preview:large, max-video-preview:-1\" \/>\n<link rel=\"canonical\" href=\"https:\/\/jeremias.fr\/fabricant-conduit-tubage\/la-revue\/actualites\/maprimerenov-actualites-objectifs-demarches\/\" \/>\n<meta property=\"og:locale\" content=\"fr_FR\" \/>\n<meta property=\"og:type\" content=\"article\" \/>\n<meta property=\"og:title\" content=\"Le point sur MaPrimeR\u00e9nov&#039; - Jeremias Conduits de fum\u00e9e\" \/>\n<meta property=\"og:description\" content=\"Jeremias conduits de fum\u00e9e s\u2019int\u00e8gre au sein du march\u00e9 de la transition \u00e9nerg\u00e9tique. Pour vous, nous faisons le point sur MaPrimeR\u00e9nov\u2019.\" \/>\n<meta property=\"og:url\" content=\"https:\/\/jeremias.fr\/fabricant-conduit-tubage\/la-revue\/actualites\/maprimerenov-actualites-objectifs-demarches\/\" \/>\n<meta property=\"og:site_name\" content=\"Jeremias\" \/>\n<meta property=\"article:published_time\" content=\"2023-07-26T09:48:26+00:00\" \/>\n<meta property=\"article:modified_time\" content=\"2023-08-22T13:18:49+00:00\" \/>\n<meta property=\"og:image\" content=\"https:\/\/jeremias.fr\/fabricant-conduit-tubage\/app\/uploads\/2022\/03\/blog-actualites-jeremias-france-maprimerenov.jpg\" \/>\n\t<meta property=\"og:image:width\" content=\"542\" \/>\n\t<meta property=\"og:image:height\" content=\"355\" \/>\n\t<meta property=\"og:image:type\" content=\"image\/jpeg\" \/>\n<meta name=\"author\" content=\"Eva Aristhene\" \/>\n<meta name=\"twitter:card\" content=\"summary_large_image\" \/>\n<script type=\"application\/ld+json\" class=\"yoast-schema-graph\">{\"@context\":\"https:\/\/schema.org\",\"@graph\":[{\"@type\":\"WebSite\",\"@id\":\"https:\/\/jeremias.fr\/fabricant-conduit-tubage\/#website\",\"url\":\"https:\/\/jeremias.fr\/fabricant-conduit-tubage\/\",\"name\":\"Jeremias\",\"description\":\"Conduits de fum\u00e9e\",\"potentialAction\":[{\"@type\":\"SearchAction\",\"target\":{\"@type\":\"EntryPoint\",\"urlTemplate\":\"https:\/\/jeremias.fr\/fabricant-conduit-tubage\/?s={search_term_string}\"},\"query-input\":\"required name=search_term_string\"}],\"inLanguage\":\"fr-FR\"},{\"@type\":\"ImageObject\",\"inLanguage\":\"fr-FR\",\"@id\":\"https:\/\/jeremias.fr\/fabricant-conduit-tubage\/la-revue\/actualites\/maprimerenov-actualites-objectifs-demarches\/#primaryimage\",\"url\":\"https:\/\/jeremias.fr\/fabricant-conduit-tubage\/app\/uploads\/2022\/03\/blog-actualites-jeremias-france-maprimerenov.jpg\",\"contentUrl\":\"https:\/\/jeremias.fr\/fabricant-conduit-tubage\/app\/uploads\/2022\/03\/blog-actualites-jeremias-france-maprimerenov.jpg\",\"width\":542,\"height\":355,\"caption\":\"blog-actualites-jeremias-france-maprimerenov\"},{\"@type\":\"WebPage\",\"@id\":\"https:\/\/jeremias.fr\/fabricant-conduit-tubage\/la-revue\/actualites\/maprimerenov-actualites-objectifs-demarches\/#webpage\",\"url\":\"https:\/\/jeremias.fr\/fabricant-conduit-tubage\/la-revue\/actualites\/maprimerenov-actualites-objectifs-demarches\/\",\"name\":\"Le point sur MaPrimeR\u00e9nov' - Jeremias Conduits de fum\u00e9e\",\"isPartOf\":{\"@id\":\"https:\/\/jeremias.fr\/fabricant-conduit-tubage\/#website\"},\"primaryImageOfPage\":{\"@id\":\"https:\/\/jeremias.fr\/fabricant-conduit-tubage\/la-revue\/actualites\/maprimerenov-actualites-objectifs-demarches\/#primaryimage\"},\"datePublished\":\"2023-07-26T09:48:26+00:00\",\"dateModified\":\"2023-08-22T13:18:49+00:00\",\"author\":{\"@id\":\"https:\/\/jeremias.fr\/fabricant-conduit-tubage\/#\/schema\/person\/2518c1fa4589388d2bab7ed32a876fbc\"},\"description\":\"Jeremias conduits de fum\u00e9e s\u2019int\u00e8gre au sein du march\u00e9 de la transition \u00e9nerg\u00e9tique. Pour vous, nous faisons le point sur MaPrimeR\u00e9nov\u2019.\",\"breadcrumb\":{\"@id\":\"https:\/\/jeremias.fr\/fabricant-conduit-tubage\/la-revue\/actualites\/maprimerenov-actualites-objectifs-demarches\/#breadcrumb\"},\"inLanguage\":\"fr-FR\",\"potentialAction\":[{\"@type\":\"ReadAction\",\"target\":[\"https:\/\/jeremias.fr\/fabricant-conduit-tubage\/la-revue\/actualites\/maprimerenov-actualites-objectifs-demarches\/\"]}]},{\"@type\":\"BreadcrumbList\",\"@id\":\"https:\/\/jeremias.fr\/fabricant-conduit-tubage\/la-revue\/actualites\/maprimerenov-actualites-objectifs-demarches\/#breadcrumb\",\"itemListElement\":[{\"@type\":\"ListItem\",\"position\":1,\"name\":\"Home\",\"item\":\"https:\/\/jeremias.fr\/fabricant-conduit-tubage\/\"},{\"@type\":\"ListItem\",\"position\":2,\"name\":\"MaPrimeR\u00e9nov\u2019 : actualit\u00e9s, objectifs et d\u00e9marches\"}]},{\"@type\":\"Person\",\"@id\":\"https:\/\/jeremias.fr\/fabricant-conduit-tubage\/#\/schema\/person\/2518c1fa4589388d2bab7ed32a876fbc\",\"name\":\"Eva Aristhene\",\"image\":{\"@type\":\"ImageObject\",\"inLanguage\":\"fr-FR\",\"@id\":\"https:\/\/jeremias.fr\/fabricant-conduit-tubage\/#\/schema\/person\/image\/\",\"url\":\"https:\/\/secure.gravatar.com\/avatar\/e343496645205962ea96d224272593c0?s=96&d=mm&r=g\",\"contentUrl\":\"https:\/\/secure.gravatar.com\/avatar\/e343496645205962ea96d224272593c0?s=96&d=mm&r=g\",\"caption\":\"Eva Aristhene\"},\"url\":\"https:\/\/jeremias.fr\/fabricant-conduit-tubage\/la-revue\/author\/eva-aristhenejeremias-france-fr\/\"}]}<\/script>\n<!-- \/ Yoast SEO plugin. -->","yoast_head_json":{"title":"Le point sur MaPrimeR\u00e9nov' - Jeremias Conduits de fum\u00e9e","description":"Jeremias conduits de fum\u00e9e s\u2019int\u00e8gre au sein du march\u00e9 de la transition \u00e9nerg\u00e9tique. Pour vous, nous faisons le point sur MaPrimeR\u00e9nov\u2019.","robots":{"index":"index","follow":"follow","max-snippet":"max-snippet:-1","max-image-preview":"max-image-preview:large","max-video-preview":"max-video-preview:-1"},"canonical":"https:\/\/jeremias.fr\/fabricant-conduit-tubage\/la-revue\/actualites\/maprimerenov-actualites-objectifs-demarches\/","og_locale":"fr_FR","og_type":"article","og_title":"Le point sur MaPrimeR\u00e9nov' - Jeremias Conduits de fum\u00e9e","og_description":"Jeremias conduits de fum\u00e9e s\u2019int\u00e8gre au sein du march\u00e9 de la transition \u00e9nerg\u00e9tique. Pour vous, nous faisons le point sur MaPrimeR\u00e9nov\u2019.","og_url":"https:\/\/jeremias.fr\/fabricant-conduit-tubage\/la-revue\/actualites\/maprimerenov-actualites-objectifs-demarches\/","og_site_name":"Jeremias","article_published_time":"2023-07-26T09:48:26+00:00","article_modified_time":"2023-08-22T13:18:49+00:00","og_image":[{"width":542,"height":355,"url":"https:\/\/jeremias.fr\/fabricant-conduit-tubage\/app\/uploads\/2022\/03\/blog-actualites-jeremias-france-maprimerenov.jpg","type":"image\/jpeg"}],"author":"Eva Aristhene","twitter_card":"summary_large_image","schema":{"@context":"https:\/\/schema.org","@graph":[{"@type":"WebSite","@id":"https:\/\/jeremias.fr\/fabricant-conduit-tubage\/#website","url":"https:\/\/jeremias.fr\/fabricant-conduit-tubage\/","name":"Jeremias","description":"Conduits de fum\u00e9e","potentialAction":[{"@type":"SearchAction","target":{"@type":"EntryPoint","urlTemplate":"https:\/\/jeremias.fr\/fabricant-conduit-tubage\/?s={search_term_string}"},"query-input":"required name=search_term_string"}],"inLanguage":"fr-FR"},{"@type":"ImageObject","inLanguage":"fr-FR","@id":"https:\/\/jeremias.fr\/fabricant-conduit-tubage\/la-revue\/actualites\/maprimerenov-actualites-objectifs-demarches\/#primaryimage","url":"https:\/\/jeremias.fr\/fabricant-conduit-tubage\/app\/uploads\/2022\/03\/blog-actualites-jeremias-france-maprimerenov.jpg","contentUrl":"https:\/\/jeremias.fr\/fabricant-conduit-tubage\/app\/uploads\/2022\/03\/blog-actualites-jeremias-france-maprimerenov.jpg","width":542,"height":355,"caption":"blog-actualites-jeremias-france-maprimerenov"},{"@type":"WebPage","@id":"https:\/\/jeremias.fr\/fabricant-conduit-tubage\/la-revue\/actualites\/maprimerenov-actualites-objectifs-demarches\/#webpage","url":"https:\/\/jeremias.fr\/fabricant-conduit-tubage\/la-revue\/actualites\/maprimerenov-actualites-objectifs-demarches\/","name":"Le point sur MaPrimeR\u00e9nov' - Jeremias Conduits de fum\u00e9e","isPartOf":{"@id":"https:\/\/jeremias.fr\/fabricant-conduit-tubage\/#website"},"primaryImageOfPage":{"@id":"https:\/\/jeremias.fr\/fabricant-conduit-tubage\/la-revue\/actualites\/maprimerenov-actualites-objectifs-demarches\/#primaryimage"},"datePublished":"2023-07-26T09:48:26+00:00","dateModified":"2023-08-22T13:18:49+00:00","author":{"@id":"https:\/\/jeremias.fr\/fabricant-conduit-tubage\/#\/schema\/person\/2518c1fa4589388d2bab7ed32a876fbc"},"description":"Jeremias conduits de fum\u00e9e s\u2019int\u00e8gre au sein du march\u00e9 de la transition \u00e9nerg\u00e9tique. Pour vous, nous faisons le point sur MaPrimeR\u00e9nov\u2019.","breadcrumb":{"@id":"https:\/\/jeremias.fr\/fabricant-conduit-tubage\/la-revue\/actualites\/maprimerenov-actualites-objectifs-demarches\/#breadcrumb"},"inLanguage":"fr-FR","potentialAction":[{"@type":"ReadAction","target":["https:\/\/jeremias.fr\/fabricant-conduit-tubage\/la-revue\/actualites\/maprimerenov-actualites-objectifs-demarches\/"]}]},{"@type":"BreadcrumbList","@id":"https:\/\/jeremias.fr\/fabricant-conduit-tubage\/la-revue\/actualites\/maprimerenov-actualites-objectifs-demarches\/#breadcrumb","itemListElement":[{"@type":"ListItem","position":1,"name":"Home","item":"https:\/\/jeremias.fr\/fabricant-conduit-tubage\/"},{"@type":"ListItem","position":2,"name":"MaPrimeR\u00e9nov\u2019 : actualit\u00e9s, objectifs et d\u00e9marches"}]},{"@type":"Person","@id":"https:\/\/jeremias.fr\/fabricant-conduit-tubage\/#\/schema\/person\/2518c1fa4589388d2bab7ed32a876fbc","name":"Eva Aristhene","image":{"@type":"ImageObject","inLanguage":"fr-FR","@id":"https:\/\/jeremias.fr\/fabricant-conduit-tubage\/#\/schema\/person\/image\/","url":"https:\/\/secure.gravatar.com\/avatar\/e343496645205962ea96d224272593c0?s=96&d=mm&r=g","contentUrl":"https:\/\/secure.gravatar.com\/avatar\/e343496645205962ea96d224272593c0?s=96&d=mm&r=g","caption":"Eva Aristhene"},"url":"https:\/\/jeremias.fr\/fabricant-conduit-tubage\/la-revue\/author\/eva-aristhenejeremias-france-fr\/"}]}},"formatted_date":"26 juillet 2023","_links":{"self":[{"href":"https:\/\/jeremias.fr\/fabricant-conduit-tubage\/wp-json\/wp\/v2\/posts\/2272"}],"collection":[{"href":"https:\/\/jeremias.fr\/fabricant-conduit-tubage\/wp-json\/wp\/v2\/posts"}],"about":[{"href":"https:\/\/jeremias.fr\/fabricant-conduit-tubage\/wp-json\/wp\/v2\/types\/post"}],"author":[{"embeddable":true,"href":"https:\/\/jeremias.fr\/fabricant-conduit-tubage\/wp-json\/wp\/v2\/users\/4"}],"replies":[{"embeddable":true,"href":"https:\/\/jeremias.fr\/fabricant-conduit-tubage\/wp-json\/wp\/v2\/comments?post=2272"}],"version-history":[{"count":21,"href":"https:\/\/jeremias.fr\/fabricant-conduit-tubage\/wp-json\/wp\/v2\/posts\/2272\/revisions"}],"predecessor-version":[{"id":2663,"href":"https:\/\/jeremias.fr\/fabricant-conduit-tubage\/wp-json\/wp\/v2\/posts\/2272\/revisions\/2663"}],"wp:featuredmedia":[{"embeddable":true,"href":"https:\/\/jeremias.fr\/fabricant-conduit-tubage\/wp-json\/wp\/v2\/media\/2622"}],"wp:attachment":[{"href":"https:\/\/jeremias.fr\/fabricant-conduit-tubage\/wp-json\/wp\/v2\/media?parent=2272"}],"wp:term":[{"taxonomy":"category","embeddable":true,"href":"https:\/\/jeremias.fr\/fabricant-conduit-tubage\/wp-json\/wp\/v2\/categories?post=2272"},{"taxonomy":"post_tag","embeddable":true,"href":"https:\/\/jeremias.fr\/fabricant-conduit-tubage\/wp-json\/wp\/v2\/tags?post=2272"}],"curies":[{"name":"wp","href":"https:\/\/api.w.org\/{rel}","templated":true}]}}